{"id":2139,"date":"2016-07-14T09:14:08","date_gmt":"2016-07-14T09:14:08","guid":{"rendered":"https:\/\/langaholt.is\/islenska\/?p=2139"},"modified":"2020-04-24T15:32:39","modified_gmt":"2020-04-24T15:32:39","slug":"eg-vinn-vid-ad-selja-folki-minningar","status":"publish","type":"post","link":"https:\/\/langaholt.is\/islenska\/eg-vinn-vid-ad-selja-folki-minningar\/","title":{"rendered":"\u201e\u00c9g vinn vi\u00f0 a\u00f0 selja f\u00f3lki minningar\u201c"},"content":{"rendered":"\t\t<div data-elementor-type=\"wp-post\" data-elementor-id=\"2139\" class=\"elementor elementor-2139\">\n\t\t\t\t\t\t<section class=\"elementor-section elementor-top-section elementor-element elementor-element-39ec6c64 elementor-section-boxed elementor-section-height-default elementor-section-height-default\" data-id=\"39ec6c64\" data-element_type=\"section\" data-e-type=\"section\" data-settings=\"{&quot;hoteller_ext_is_background_parallax&quot;:&quot;false&quot;,&quot;hoteller_ext_is_background_on_scroll&quot;:&quot;false&quot;}\">\n\t\t\t\t\t\t<div class=\"elementor-container elementor-column-gap-default\">\n\t\t\t\t\t<div class=\"elementor-column elementor-col-100 elementor-top-column elementor-element elementor-element-797fccb5\" data-id=\"797fccb5\" data-element_type=\"column\" data-e-type=\"column\" data-settings=\"{&quot;hoteller_ext_link_sidemenu&quot;:&quot;false&quot;,&quot;hoteller_ext_link_fullmenu&quot;:&quot;false&quot;,&quot;hoteller_ext_link_closed_fullmenu&quot;:&quot;false&quot;,&quot;hoteller_ext_is_scrollme&quot;:&quot;false&quot;,&quot;hoteller_ext_is_smoove&quot;:&quot;false&quot;,&quot;hoteller_ext_is_parallax_mouse&quot;:&quot;false&quot;,&quot;hoteller_ext_is_infinite&quot;:&quot;false&quot;,&quot;hoteller_ext_is_fadeout_animation&quot;:&quot;false&quot;,&quot;hoteller_ext_mobile_static&quot;:&quot;false&quot;}\">\n\t\t\t<div class=\"elementor-widget-wrap elementor-element-populated\">\n\t\t\t\t\t\t<div class=\"elementor-element elementor-element-1060c64c elementor-widget elementor-widget-text-editor\" data-id=\"1060c64c\" data-element_type=\"widget\" data-e-type=\"widget\" data-settings=\"{&quot;hoteller_ext_link_sidemenu&quot;:&quot;false&quot;,&quot;hoteller_ext_link_fullmenu&quot;:&quot;false&quot;,&quot;hoteller_ext_link_closed_fullmenu&quot;:&quot;false&quot;,&quot;hoteller_ext_is_scrollme&quot;:&quot;false&quot;,&quot;hoteller_ext_is_smoove&quot;:&quot;false&quot;,&quot;hoteller_ext_is_parallax_mouse&quot;:&quot;false&quot;,&quot;hoteller_ext_is_infinite&quot;:&quot;false&quot;,&quot;hoteller_ext_is_fadeout_animation&quot;:&quot;false&quot;,&quot;hoteller_ext_mobile_static&quot;:&quot;false&quot;}\" data-widget_type=\"text-editor.default\">\n\t\t\t\t<div class=\"elementor-widget-container\">\n\t\t\t\t\t\t\t\t\t\n<h2 class=\"wp-block-heading\" style=\"text-align: center;\">Spjalla\u00f0 vi\u00f0 Kela Vert, fer\u00f0a\u00fej\u00f3nustub\u00f3nda \u00ed Langaholti \u00ed Sta\u00f0arsveit.<\/h2>\n\t\t\t\t\t\t\t\t<\/div>\n\t\t\t\t<\/div>\n\t\t\t\t\t<\/div>\n\t\t<\/div>\n\t\t\t\t\t<\/div>\n\t\t<\/section>\n\t\t\t\t<section class=\"elementor-section elementor-top-section elementor-element elementor-element-c870e89 elementor-section-boxed elementor-section-height-default elementor-section-height-default\" data-id=\"c870e89\" data-element_type=\"section\" data-e-type=\"section\" data-settings=\"{&quot;hoteller_ext_is_background_parallax&quot;:&quot;false&quot;,&quot;hoteller_ext_is_background_on_scroll&quot;:&quot;false&quot;}\">\n\t\t\t\t\t\t<div class=\"elementor-container elementor-column-gap-default\">\n\t\t\t\t\t<div class=\"elementor-column elementor-col-100 elementor-top-column elementor-element elementor-element-df336b4\" data-id=\"df336b4\" data-element_type=\"column\" data-e-type=\"column\" data-settings=\"{&quot;hoteller_ext_link_sidemenu&quot;:&quot;false&quot;,&quot;hoteller_ext_link_fullmenu&quot;:&quot;false&quot;,&quot;hoteller_ext_link_closed_fullmenu&quot;:&quot;false&quot;,&quot;hoteller_ext_is_scrollme&quot;:&quot;false&quot;,&quot;hoteller_ext_is_smoove&quot;:&quot;false&quot;,&quot;hoteller_ext_is_parallax_mouse&quot;:&quot;false&quot;,&quot;hoteller_ext_is_infinite&quot;:&quot;false&quot;,&quot;hoteller_ext_is_fadeout_animation&quot;:&quot;false&quot;,&quot;hoteller_ext_mobile_static&quot;:&quot;false&quot;}\">\n\t\t\t<div class=\"elementor-widget-wrap elementor-element-populated\">\n\t\t\t\t\t\t<div class=\"elementor-element elementor-element-ce6207b elementor-widget elementor-widget-text-editor\" data-id=\"ce6207b\" data-element_type=\"widget\" data-e-type=\"widget\" data-settings=\"{&quot;hoteller_ext_link_sidemenu&quot;:&quot;false&quot;,&quot;hoteller_ext_link_fullmenu&quot;:&quot;false&quot;,&quot;hoteller_ext_link_closed_fullmenu&quot;:&quot;false&quot;,&quot;hoteller_ext_is_scrollme&quot;:&quot;false&quot;,&quot;hoteller_ext_is_smoove&quot;:&quot;false&quot;,&quot;hoteller_ext_is_parallax_mouse&quot;:&quot;false&quot;,&quot;hoteller_ext_is_infinite&quot;:&quot;false&quot;,&quot;hoteller_ext_is_fadeout_animation&quot;:&quot;false&quot;,&quot;hoteller_ext_mobile_static&quot;:&quot;false&quot;}\" data-widget_type=\"text-editor.default\">\n\t\t\t\t<div class=\"elementor-widget-container\">\n\t\t\t\t\t\t\t\t\t<p>Fr\u00e1 \u00fev\u00ed um s\u00ed\u00f0asta vetur hefur sta\u00f0i\u00f0 yfir bygging tveggja vi\u00f0bygginga vi\u00f0 Gistiheimili\u00f0 Langaholt \u00e1 Sn\u00e6fellsnesi. \u00deorkell Sigurmon S\u00edmonarson, e\u00f0a Keli vert eins og hann er betur \u00feekktur, vill ekki fullyr\u00f0a um hven\u00e6r vi\u00f0byggingarnar ver\u00f0i opna\u00f0ar. \u201e\u00de\u00e6r ver\u00f0a opna\u00f0ar sem fyrst. Ma\u00f0ur \u00feorir ekki a\u00f0 segja meira; \u00fea\u00f0 vir\u00f0ist nefnilega alltaf b\u00e6tast frekar vi\u00f0 verki\u00f0 en hitt. \u00c9g held a\u00f0 \u00fea\u00f0 s\u00e9 samt ekki alltof langt \u00ed a\u00f0 vi\u00f0 getum fari\u00f0 a\u00f0 n\u00fdta \u00fe\u00e6r. Me\u00f0 vi\u00f0byggingunum erum vi\u00f0 a\u00f0 tv\u00f6falda fj\u00f6ldan sem getur gist hj\u00e1 okkur. Eins og sta\u00f0an er n\u00fana \u00fe\u00e1 erum vi\u00f0 me\u00f0 20 herbergi en \u00feegar framkv\u00e6mdum l\u00fdkur ver\u00f0a h\u00e9r 40 herbergi,\u201c segir Keli.<\/p>\n<p>\u00a0<\/p>\n<h3>F\u00e6ra sig til n\u00fat\u00edmans<\/h3>\n<p>Keli hefur reki\u00f0 Langaholt \u00ed r\u00faman \u00e1ratug. \u201e\u00c9g t\u00f3k vi\u00f0 \u00feessu af foreldrum m\u00ednum fyrir r\u00famum \u00e1ratug s\u00ed\u00f0an. Flj\u00f3tlega eftir a\u00f0 \u00e9g t\u00f3k vi\u00f0 skall h\u00e9r \u00e1 hrun og \u00feetta hefur \u00fev\u00ed veri\u00f0 bras en n\u00fa erum vi\u00f0 loksins komin \u00e1 skri\u00f0 aftur. Me\u00f0 \u00feessum herbergjum sem vi\u00f0 erum a\u00f0 b\u00e6ta vi\u00f0 erum vi\u00f0 ekki bara a\u00f0 auka pl\u00e1ssi\u00f0 heldur einnig a\u00f0 f\u00e6ra okkur inn \u00ed n\u00fat\u00edmann. A\u00f0albyggingin er fr\u00e1 \u00e1rinu 1985 og \u00e1 \u00feeim t\u00edma voru allt a\u00f0rar kr\u00f6fur b\u00e6\u00f0i fr\u00e1 gestum sem og eftirlitsstofnunum. \u00deetta er fyrsta st\u00f3ra framkv\u00e6mdin sem fari\u00f0 hefur veri\u00f0 \u00ed s\u00ed\u00f0an \u00e9g byrja\u00f0i. \u00c9g hef \u00f6\u00f0last reynslu \u00e1 \u00feeim t\u00edma sem \u00e9g hef st\u00fdrt \u00feessu og veit hva\u00f0 \u00fea\u00f0 er sem f\u00f3lk vill og eitt \u00fea\u00f0 helsta sem vi\u00f0 h\u00f6fum h\u00e9r er \u00fats\u00fdni\u00f0 \u00e1 Sn\u00e6fellsj\u00f6kul. \u00c9g t\u00f3k \u00fev\u00ed \u00fe\u00e1 \u00e1kv\u00f6r\u00f0un a\u00f0 \u00f6ll herbergin \u00ed n\u00fdju byggingunum skyldu sn\u00faa a\u00f0 J\u00f6klinum. \u00d6nnur \u00e1st\u00e6\u00f0an af hverju vi\u00f0 erum a\u00f0 \u00feessu n\u00fana er s\u00fa sta\u00f0reynd a\u00f0 \u00fea\u00f0 er erfitt a\u00f0 reka litla sta\u00f0i. Vi\u00f0 viljum bj\u00f3\u00f0a upp \u00e1 \u00e1kve\u00f0in g\u00e6\u00f0i og eitt af \u00fev\u00ed er a\u00f0 bj\u00f3\u00f0a upp \u00e1 g\u00f3\u00f0an mat. Vi\u00f0 getum ekki haldi\u00f0 uppi g\u00f3\u00f0um veitingasta\u00f0 me\u00f0 20 herbergja gistista\u00f0 svo ef vi\u00f0 \u00e6tlum a\u00f0 gera \u00fea\u00f0 \u00feurftum vi\u00f0 a\u00f0 st\u00e6kka. Gott \u00fats\u00fdni, g\u00f3\u00f0ur matur og \u00fe\u00e6gindi er grunnurinn \u00ed \u00feeim rekstri sem vi\u00f0 erum \u00ed svo \u00fea\u00f0 ver\u00f0ur a\u00f0 vera \u00ed lagi,\u201c segir Keli.<\/p>\n<p>\u00a0<\/p>\n<h3>T\u00f6lur um aukin fer\u00f0amannastraum villandi<\/h3>\n<p>Keli segist hafa fundi\u00f0 vel fyrir aukningu \u00e1 gistiheimilinu undanfarin \u00e1r. \u201e\u00cdsland er \u00ed t\u00edsku og fer\u00f0a\u00fej\u00f3nustan bl\u00f3mstrar \u00e1 me\u00f0an. \u00dea\u00f0 er aukning hvert sem liti\u00f0 er \u00ed \u00feessum bransa. Vi\u00f0 sj\u00e1um \u00fea\u00f0 a\u00f0 s\u00ed\u00f0ustu fj\u00f6gur \u00e1r h\u00f6fum vi\u00f0 reki\u00f0 \u00feetta gistiheimili allt \u00e1ri\u00f0 um kring. Samt sem \u00e1\u00f0ur eru t\u00f6lurnar um \u00feessa sprengju \u00ed fer\u00f0a\u00fej\u00f3nustunni villandi. \u00dea\u00f0 hefur vissulega veri\u00f0 aukning \u00ed \u00fev\u00ed hversu margir koma en \u00fea\u00f0 hefur ekki veri\u00f0 eins mikil sprenging og menn vilja vera l\u00e1ta. Dv\u00f6lin hefur t.d. styst hj\u00e1 f\u00f3lki. Gistin\u00e6turnar eru \u00fev\u00ed or\u00f0nar f\u00e6rri hj\u00e1 hverjum einstaklingi. F\u00f3lk er n\u00fana oft \u00e1 t\u00ed\u00f0um bara a\u00f0 koma \u00ed f\u00e1eina daga,\u201c segir Keli.<\/p>\n<p>\u201eFer\u00f0amannabransinn er or\u00f0inn n\u00fdja gull\u00e6\u00f0i\u00f0. \u00dea\u00f0 \u00fearf samt ekki miki\u00f0 a\u00f0 gerast svo a\u00f0 upp komi \u00e1f\u00f6ll \u00ed bransanum. Vi\u00f0 b\u00faum vi\u00f0 hagst\u00e6\u00f0a t\u00edma eins og er. F\u00f3lk vill koma og sko\u00f0a \u00feetta litla dularfulla land n\u00fana en \u00fea\u00f0 getur alltaf breyst. \u00dea\u00f0 er mikil \u00f3vissa \u00ed \u00feessum bransa og hann er ungur h\u00e9r \u00e1 landi. F\u00f3lk er enn a\u00f0 f\u00f3ta sig og ekki s\u00edst yfirv\u00f6ld. Yfirv\u00f6ld vir\u00f0ast ekki alveg vera me\u00f0 puttann \u00e1 p\u00falsinum; vi\u00f0 h\u00f6fum s\u00e9\u00f0 \u00fea\u00f0 marg \u00edtreka\u00f0 undanfari\u00f0 eins og me\u00f0 vegi, kl\u00f3setta\u00f0st\u00f6\u00f0u og anna\u00f0.\u201c<\/p>\n<p>Keli segir erfitt a\u00f0 \u00e1tta sig \u00e1 \u00feeim bransa sem fer\u00f0a\u00fej\u00f3nustan er. \u201eF\u00f3lk bj\u00f3st ekki vi\u00f0 \u00fev\u00ed \u00feegar \u00feetta gistiheimili var opna\u00f0 1985 a\u00f0 f\u00f3lk f\u00e6ri a\u00f0 flj\u00faga yfir h\u00e1lfan hn\u00f6ttinn til \u00feess eins a\u00f0 sj\u00e1 nor\u00f0urlj\u00f3s. F\u00f3lk bj\u00f3st reyndar ekki vi\u00f0 \u00fev\u00ed a\u00f0 fer\u00f0a\u00fej\u00f3nusta v\u00e6ri eitthva\u00f0 sem \u00cdslendingar g\u00e6tu gr\u00e6tt \u00e1 \u00e1ri\u00f0 1985 ef \u00fat \u00ed \u00fea\u00f0 er fari\u00f0. F\u00f3lk hristi bara hausinn \u00feegar foreldrar m\u00ednir bygg\u00f0u \u00feetta en \u00e1 sama t\u00edma voru allir a\u00f0 byggja yfir refi og stunda \u00feann i\u00f0na\u00f0. \u00c9g held a\u00f0 foreldrar m\u00ednir hafi ve\u00f0ja\u00f0 \u00e1 r\u00e9ttan hest \u00fear. \u00dea\u00f0 sem ma\u00f0ur hefur l\u00e6rt um \u00feennan bransa eftir \u00f6ll \u00feessi \u00e1r er a\u00f0 ma\u00f0ur veit ekkert um hann,\u201c segir Keli.<\/p>\n<p>\u00a0<\/p>\n<h3>Vill b\u00faa \u00e1 Sn\u00e6fellsnesi<\/h3>\n<p>Keli segir a\u00f0 a\u00f0al \u00e1st\u00e6\u00f0an fyrir \u00fev\u00ed a\u00f0 hann reki Langaholt s\u00e9 s\u00fa a\u00f0 hann vill b\u00faa \u00e1 Sn\u00e6fellsnesi. \u201eFlesta daga er \u00feetta mj\u00f6g skemmtilegt starf en stundum hugsar ma\u00f0ur hvers vegna ma\u00f0ur er \u00ed \u00feessu, s\u00e9rstaklega \u00feegar ma\u00f0ur stendur \u00ed svona framkv\u00e6mdum. \u00c9g vinn bara sem b\u00f3ndi \u00e1 annan h\u00e1tt en \u00feeir sem eru h\u00e9rna \u00ed kring. \u00c9g sel ekki uppskeru e\u00f0a d\u00fdrafur\u00f0ir, \u00e9g sel minningar. \u00deetta er m\u00edn lei\u00f0 til a\u00f0 b\u00faa h\u00e9rna \u00e1 Sn\u00e6fellsnesi og \u00fev\u00ed \u00e9g vil hvergi annars sta\u00f0ar vera,\u201c segir Keli a\u00f0 endingu.<\/p>\t\t\t\t\t\t\t\t<\/div>\n\t\t\t\t<\/div>\n\t\t\t\t\t<\/div>\n\t\t<\/div>\n\t\t\t\t\t<\/div>\n\t\t<\/section>\n\t\t\t\t<\/div>\n\t\t","protected":false},"excerpt":{"rendered":"<p>Spjalla\u00f0 vi\u00f0 Kela Vert, fer\u00f0a\u00fej\u00f3nustub\u00f3nda \u00ed Langaholti \u00ed Sta\u00f0arsveit. Fr\u00e1 \u00fev\u00ed um s\u00ed\u00f0asta vetur hefur sta\u00f0i\u00f0 yfir bygging tveggja vi\u00f0bygginga vi\u00f0 Gistiheimili\u00f0 Langaholt \u00e1 Sn\u00e6fellsnesi. \u00deorkell Sigurmon S\u00edmonarson, e\u00f0a Keli vert eins og hann er betur \u00feekktur, vill ekki fullyr\u00f0a [&hellip;]<\/p>\n","protected":false},"author":1,"featured_media":2182,"comment_status":"closed","ping_status":"open","sticky":false,"template":"","format":"standard","meta":{"footnotes":""},"categories":[1],"tags":[],"class_list":["post-2139","post","type-post","status-publish","format-standard","has-post-thumbnail","hentry","category-uncategorized"],"yoast_head":"<!-- This site is optimized with the Yoast SEO plugin v27.5 - https:\/\/yoast.com\/product\/yoast-seo-wordpress\/ -->\n<title>\u201e\u00c9g vinn vi\u00f0 a\u00f0 selja f\u00f3lki minningar\u201c - Langaholt sveitah\u00f3tel<\/title>\n<meta name=\"robots\" content=\"index, follow, max-snippet:-1, max-image-preview:large, max-video-preview:-1\" \/>\n<link rel=\"canonical\" href=\"https:\/\/langaholt.is\/islenska\/eg-vinn-vid-ad-selja-folki-minningar\/\" \/>\n<meta property=\"og:locale\" content=\"is_IS\" \/>\n<meta property=\"og:type\" content=\"article\" \/>\n<meta property=\"og:title\" content=\"\u201e\u00c9g vinn vi\u00f0 a\u00f0 selja f\u00f3lki minningar\u201c - Langaholt sveitah\u00f3tel\" \/>\n<meta property=\"og:description\" content=\"Spjalla\u00f0 vi\u00f0 Kela Vert, fer\u00f0a\u00fej\u00f3nustub\u00f3nda \u00ed Langaholti \u00ed Sta\u00f0arsveit. Fr\u00e1 \u00fev\u00ed um s\u00ed\u00f0asta vetur hefur sta\u00f0i\u00f0 yfir bygging tveggja vi\u00f0bygginga vi\u00f0 Gistiheimili\u00f0 Langaholt \u00e1 Sn\u00e6fellsnesi. \u00deorkell Sigurmon S\u00edmonarson, e\u00f0a Keli vert eins og hann er betur \u00feekktur, vill ekki fullyr\u00f0a [&hellip;]\" \/>\n<meta property=\"og:url\" content=\"https:\/\/langaholt.is\/islenska\/eg-vinn-vid-ad-selja-folki-minningar\/\" \/>\n<meta property=\"og:site_name\" content=\"Langaholt sveitah\u00f3tel\" \/>\n<meta property=\"article:publisher\" content=\"https:\/\/www.facebook.com\/langaholt\/\" \/>\n<meta property=\"article:published_time\" content=\"2016-07-14T09:14:08+00:00\" \/>\n<meta property=\"article:modified_time\" content=\"2020-04-24T15:32:39+00:00\" \/>\n<meta property=\"og:image\" content=\"https:\/\/langaholt.is\/islenska\/wp-content\/uploads\/2016\/07\/VV2019_langaholt1-scaled.jpg\" \/>\n\t<meta property=\"og:image:width\" content=\"2560\" \/>\n\t<meta property=\"og:image:height\" content=\"1707\" \/>\n\t<meta property=\"og:image:type\" content=\"image\/jpeg\" \/>\n<meta name=\"author\" content=\"vefstjori\" \/>\n<meta name=\"twitter:card\" content=\"summary_large_image\" \/>\n<meta name=\"twitter:label1\" content=\"Written by\" \/>\n\t<meta name=\"twitter:data1\" content=\"vefstjori\" \/>\n\t<meta name=\"twitter:label2\" content=\"Est. reading time\" \/>\n\t<meta name=\"twitter:data2\" content=\"4 minutes\" \/>\n<script type=\"application\/ld+json\" class=\"yoast-schema-graph\">{\"@context\":\"https:\\\/\\\/schema.org\",\"@graph\":[{\"@type\":\"Article\",\"@id\":\"https:\\\/\\\/langaholt.is\\\/islenska\\\/eg-vinn-vid-ad-selja-folki-minningar\\\/#article\",\"isPartOf\":{\"@id\":\"https:\\\/\\\/langaholt.is\\\/islenska\\\/eg-vinn-vid-ad-selja-folki-minningar\\\/\"},\"author\":{\"name\":\"vefstjori\",\"@id\":\"https:\\\/\\\/langaholt.is\\\/islenska\\\/#\\\/schema\\\/person\\\/ef9d2805fe68343f8150ec027ca9f880\"},\"headline\":\"\u201e\u00c9g vinn vi\u00f0 a\u00f0 selja f\u00f3lki minningar\u201c\",\"datePublished\":\"2016-07-14T09:14:08+00:00\",\"dateModified\":\"2020-04-24T15:32:39+00:00\",\"mainEntityOfPage\":{\"@id\":\"https:\\\/\\\/langaholt.is\\\/islenska\\\/eg-vinn-vid-ad-selja-folki-minningar\\\/\"},\"wordCount\":906,\"publisher\":{\"@id\":\"https:\\\/\\\/langaholt.is\\\/islenska\\\/#organization\"},\"image\":{\"@id\":\"https:\\\/\\\/langaholt.is\\\/islenska\\\/eg-vinn-vid-ad-selja-folki-minningar\\\/#primaryimage\"},\"thumbnailUrl\":\"https:\\\/\\\/langaholt.is\\\/islenska\\\/wp-content\\\/uploads\\\/2016\\\/07\\\/VV2019_langaholt1-scaled.jpg\",\"articleSection\":[\"Uncategorized\"],\"inLanguage\":\"is\"},{\"@type\":\"WebPage\",\"@id\":\"https:\\\/\\\/langaholt.is\\\/islenska\\\/eg-vinn-vid-ad-selja-folki-minningar\\\/\",\"url\":\"https:\\\/\\\/langaholt.is\\\/islenska\\\/eg-vinn-vid-ad-selja-folki-minningar\\\/\",\"name\":\"\u201e\u00c9g vinn vi\u00f0 a\u00f0 selja f\u00f3lki minningar\u201c - Langaholt sveitah\u00f3tel\",\"isPartOf\":{\"@id\":\"https:\\\/\\\/langaholt.is\\\/islenska\\\/#website\"},\"primaryImageOfPage\":{\"@id\":\"https:\\\/\\\/langaholt.is\\\/islenska\\\/eg-vinn-vid-ad-selja-folki-minningar\\\/#primaryimage\"},\"image\":{\"@id\":\"https:\\\/\\\/langaholt.is\\\/islenska\\\/eg-vinn-vid-ad-selja-folki-minningar\\\/#primaryimage\"},\"thumbnailUrl\":\"https:\\\/\\\/langaholt.is\\\/islenska\\\/wp-content\\\/uploads\\\/2016\\\/07\\\/VV2019_langaholt1-scaled.jpg\",\"datePublished\":\"2016-07-14T09:14:08+00:00\",\"dateModified\":\"2020-04-24T15:32:39+00:00\",\"breadcrumb\":{\"@id\":\"https:\\\/\\\/langaholt.is\\\/islenska\\\/eg-vinn-vid-ad-selja-folki-minningar\\\/#breadcrumb\"},\"inLanguage\":\"is\",\"potentialAction\":[{\"@type\":\"ReadAction\",\"target\":[\"https:\\\/\\\/langaholt.is\\\/islenska\\\/eg-vinn-vid-ad-selja-folki-minningar\\\/\"]}]},{\"@type\":\"ImageObject\",\"inLanguage\":\"is\",\"@id\":\"https:\\\/\\\/langaholt.is\\\/islenska\\\/eg-vinn-vid-ad-selja-folki-minningar\\\/#primaryimage\",\"url\":\"https:\\\/\\\/langaholt.is\\\/islenska\\\/wp-content\\\/uploads\\\/2016\\\/07\\\/VV2019_langaholt1-scaled.jpg\",\"contentUrl\":\"https:\\\/\\\/langaholt.is\\\/islenska\\\/wp-content\\\/uploads\\\/2016\\\/07\\\/VV2019_langaholt1-scaled.jpg\",\"width\":2560,\"height\":1707},{\"@type\":\"BreadcrumbList\",\"@id\":\"https:\\\/\\\/langaholt.is\\\/islenska\\\/eg-vinn-vid-ad-selja-folki-minningar\\\/#breadcrumb\",\"itemListElement\":[{\"@type\":\"ListItem\",\"position\":1,\"name\":\"Home\",\"item\":\"https:\\\/\\\/langaholt.is\\\/islenska\\\/\"},{\"@type\":\"ListItem\",\"position\":2,\"name\":\"\u201e\u00c9g vinn vi\u00f0 a\u00f0 selja f\u00f3lki minningar\u201c\"}]},{\"@type\":\"WebSite\",\"@id\":\"https:\\\/\\\/langaholt.is\\\/islenska\\\/#website\",\"url\":\"https:\\\/\\\/langaholt.is\\\/islenska\\\/\",\"name\":\"Langaholt Sveitah\u00f3tel\",\"description\":\"Ekta \u00edslensk sveitah\u00f3tel \u00e1 Sn\u00e6fellsnesinu\",\"publisher\":{\"@id\":\"https:\\\/\\\/langaholt.is\\\/islenska\\\/#organization\"},\"potentialAction\":[{\"@type\":\"SearchAction\",\"target\":{\"@type\":\"EntryPoint\",\"urlTemplate\":\"https:\\\/\\\/langaholt.is\\\/islenska\\\/?s={search_term_string}\"},\"query-input\":{\"@type\":\"PropertyValueSpecification\",\"valueRequired\":true,\"valueName\":\"search_term_string\"}}],\"inLanguage\":\"is\"},{\"@type\":\"Organization\",\"@id\":\"https:\\\/\\\/langaholt.is\\\/islenska\\\/#organization\",\"name\":\"Langaholt\",\"url\":\"https:\\\/\\\/langaholt.is\\\/islenska\\\/\",\"logo\":{\"@type\":\"ImageObject\",\"inLanguage\":\"is\",\"@id\":\"https:\\\/\\\/langaholt.is\\\/islenska\\\/#\\\/schema\\\/logo\\\/image\\\/\",\"url\":\"https:\\\/\\\/langaholt.is\\\/islenska\\\/wp-content\\\/uploads\\\/2020\\\/02\\\/Langaholt-logo-vefur.jpg\",\"contentUrl\":\"https:\\\/\\\/langaholt.is\\\/islenska\\\/wp-content\\\/uploads\\\/2020\\\/02\\\/Langaholt-logo-vefur.jpg\",\"width\":261,\"height\":85,\"caption\":\"Langaholt\"},\"image\":{\"@id\":\"https:\\\/\\\/langaholt.is\\\/islenska\\\/#\\\/schema\\\/logo\\\/image\\\/\"},\"sameAs\":[\"https:\\\/\\\/www.facebook.com\\\/langaholt\\\/\",\"https:\\\/\\\/www.instagram.com\\\/langaholt\\\/\"]},{\"@type\":\"Person\",\"@id\":\"https:\\\/\\\/langaholt.is\\\/islenska\\\/#\\\/schema\\\/person\\\/ef9d2805fe68343f8150ec027ca9f880\",\"name\":\"vefstjori\",\"image\":{\"@type\":\"ImageObject\",\"inLanguage\":\"is\",\"@id\":\"https:\\\/\\\/secure.gravatar.com\\\/avatar\\\/16d1d05549f8572442122902fcf2103164a064ed7f22b965bf6db151563e298c?s=96&d=mm&r=g\",\"url\":\"https:\\\/\\\/secure.gravatar.com\\\/avatar\\\/16d1d05549f8572442122902fcf2103164a064ed7f22b965bf6db151563e298c?s=96&d=mm&r=g\",\"contentUrl\":\"https:\\\/\\\/secure.gravatar.com\\\/avatar\\\/16d1d05549f8572442122902fcf2103164a064ed7f22b965bf6db151563e298c?s=96&d=mm&r=g\",\"caption\":\"vefstjori\"}}]}<\/script>\n<!-- \/ Yoast SEO plugin. -->","yoast_head_json":{"title":"\u201e\u00c9g vinn vi\u00f0 a\u00f0 selja f\u00f3lki minningar\u201c - Langaholt sveitah\u00f3tel","robots":{"index":"index","follow":"follow","max-snippet":"max-snippet:-1","max-image-preview":"max-image-preview:large","max-video-preview":"max-video-preview:-1"},"canonical":"https:\/\/langaholt.is\/islenska\/eg-vinn-vid-ad-selja-folki-minningar\/","og_locale":"is_IS","og_type":"article","og_title":"\u201e\u00c9g vinn vi\u00f0 a\u00f0 selja f\u00f3lki minningar\u201c - Langaholt sveitah\u00f3tel","og_description":"Spjalla\u00f0 vi\u00f0 Kela Vert, fer\u00f0a\u00fej\u00f3nustub\u00f3nda \u00ed Langaholti \u00ed Sta\u00f0arsveit. Fr\u00e1 \u00fev\u00ed um s\u00ed\u00f0asta vetur hefur sta\u00f0i\u00f0 yfir bygging tveggja vi\u00f0bygginga vi\u00f0 Gistiheimili\u00f0 Langaholt \u00e1 Sn\u00e6fellsnesi. \u00deorkell Sigurmon S\u00edmonarson, e\u00f0a Keli vert eins og hann er betur \u00feekktur, vill ekki fullyr\u00f0a [&hellip;]","og_url":"https:\/\/langaholt.is\/islenska\/eg-vinn-vid-ad-selja-folki-minningar\/","og_site_name":"Langaholt sveitah\u00f3tel","article_publisher":"https:\/\/www.facebook.com\/langaholt\/","article_published_time":"2016-07-14T09:14:08+00:00","article_modified_time":"2020-04-24T15:32:39+00:00","og_image":[{"width":2560,"height":1707,"url":"https:\/\/langaholt.is\/islenska\/wp-content\/uploads\/2016\/07\/VV2019_langaholt1-scaled.jpg","type":"image\/jpeg"}],"author":"vefstjori","twitter_card":"summary_large_image","twitter_misc":{"Written by":"vefstjori","Est. reading time":"4 minutes"},"schema":{"@context":"https:\/\/schema.org","@graph":[{"@type":"Article","@id":"https:\/\/langaholt.is\/islenska\/eg-vinn-vid-ad-selja-folki-minningar\/#article","isPartOf":{"@id":"https:\/\/langaholt.is\/islenska\/eg-vinn-vid-ad-selja-folki-minningar\/"},"author":{"name":"vefstjori","@id":"https:\/\/langaholt.is\/islenska\/#\/schema\/person\/ef9d2805fe68343f8150ec027ca9f880"},"headline":"\u201e\u00c9g vinn vi\u00f0 a\u00f0 selja f\u00f3lki minningar\u201c","datePublished":"2016-07-14T09:14:08+00:00","dateModified":"2020-04-24T15:32:39+00:00","mainEntityOfPage":{"@id":"https:\/\/langaholt.is\/islenska\/eg-vinn-vid-ad-selja-folki-minningar\/"},"wordCount":906,"publisher":{"@id":"https:\/\/langaholt.is\/islenska\/#organization"},"image":{"@id":"https:\/\/langaholt.is\/islenska\/eg-vinn-vid-ad-selja-folki-minningar\/#primaryimage"},"thumbnailUrl":"https:\/\/langaholt.is\/islenska\/wp-content\/uploads\/2016\/07\/VV2019_langaholt1-scaled.jpg","articleSection":["Uncategorized"],"inLanguage":"is"},{"@type":"WebPage","@id":"https:\/\/langaholt.is\/islenska\/eg-vinn-vid-ad-selja-folki-minningar\/","url":"https:\/\/langaholt.is\/islenska\/eg-vinn-vid-ad-selja-folki-minningar\/","name":"\u201e\u00c9g vinn vi\u00f0 a\u00f0 selja f\u00f3lki minningar\u201c - Langaholt sveitah\u00f3tel","isPartOf":{"@id":"https:\/\/langaholt.is\/islenska\/#website"},"primaryImageOfPage":{"@id":"https:\/\/langaholt.is\/islenska\/eg-vinn-vid-ad-selja-folki-minningar\/#primaryimage"},"image":{"@id":"https:\/\/langaholt.is\/islenska\/eg-vinn-vid-ad-selja-folki-minningar\/#primaryimage"},"thumbnailUrl":"https:\/\/langaholt.is\/islenska\/wp-content\/uploads\/2016\/07\/VV2019_langaholt1-scaled.jpg","datePublished":"2016-07-14T09:14:08+00:00","dateModified":"2020-04-24T15:32:39+00:00","breadcrumb":{"@id":"https:\/\/langaholt.is\/islenska\/eg-vinn-vid-ad-selja-folki-minningar\/#breadcrumb"},"inLanguage":"is","potentialAction":[{"@type":"ReadAction","target":["https:\/\/langaholt.is\/islenska\/eg-vinn-vid-ad-selja-folki-minningar\/"]}]},{"@type":"ImageObject","inLanguage":"is","@id":"https:\/\/langaholt.is\/islenska\/eg-vinn-vid-ad-selja-folki-minningar\/#primaryimage","url":"https:\/\/langaholt.is\/islenska\/wp-content\/uploads\/2016\/07\/VV2019_langaholt1-scaled.jpg","contentUrl":"https:\/\/langaholt.is\/islenska\/wp-content\/uploads\/2016\/07\/VV2019_langaholt1-scaled.jpg","width":2560,"height":1707},{"@type":"BreadcrumbList","@id":"https:\/\/langaholt.is\/islenska\/eg-vinn-vid-ad-selja-folki-minningar\/#breadcrumb","itemListElement":[{"@type":"ListItem","position":1,"name":"Home","item":"https:\/\/langaholt.is\/islenska\/"},{"@type":"ListItem","position":2,"name":"\u201e\u00c9g vinn vi\u00f0 a\u00f0 selja f\u00f3lki minningar\u201c"}]},{"@type":"WebSite","@id":"https:\/\/langaholt.is\/islenska\/#website","url":"https:\/\/langaholt.is\/islenska\/","name":"Langaholt Sveitah\u00f3tel","description":"Ekta \u00edslensk sveitah\u00f3tel \u00e1 Sn\u00e6fellsnesinu","publisher":{"@id":"https:\/\/langaholt.is\/islenska\/#organization"},"potentialAction":[{"@type":"SearchAction","target":{"@type":"EntryPoint","urlTemplate":"https:\/\/langaholt.is\/islenska\/?s={search_term_string}"},"query-input":{"@type":"PropertyValueSpecification","valueRequired":true,"valueName":"search_term_string"}}],"inLanguage":"is"},{"@type":"Organization","@id":"https:\/\/langaholt.is\/islenska\/#organization","name":"Langaholt","url":"https:\/\/langaholt.is\/islenska\/","logo":{"@type":"ImageObject","inLanguage":"is","@id":"https:\/\/langaholt.is\/islenska\/#\/schema\/logo\/image\/","url":"https:\/\/langaholt.is\/islenska\/wp-content\/uploads\/2020\/02\/Langaholt-logo-vefur.jpg","contentUrl":"https:\/\/langaholt.is\/islenska\/wp-content\/uploads\/2020\/02\/Langaholt-logo-vefur.jpg","width":261,"height":85,"caption":"Langaholt"},"image":{"@id":"https:\/\/langaholt.is\/islenska\/#\/schema\/logo\/image\/"},"sameAs":["https:\/\/www.facebook.com\/langaholt\/","https:\/\/www.instagram.com\/langaholt\/"]},{"@type":"Person","@id":"https:\/\/langaholt.is\/islenska\/#\/schema\/person\/ef9d2805fe68343f8150ec027ca9f880","name":"vefstjori","image":{"@type":"ImageObject","inLanguage":"is","@id":"https:\/\/secure.gravatar.com\/avatar\/16d1d05549f8572442122902fcf2103164a064ed7f22b965bf6db151563e298c?s=96&d=mm&r=g","url":"https:\/\/secure.gravatar.com\/avatar\/16d1d05549f8572442122902fcf2103164a064ed7f22b965bf6db151563e298c?s=96&d=mm&r=g","contentUrl":"https:\/\/secure.gravatar.com\/avatar\/16d1d05549f8572442122902fcf2103164a064ed7f22b965bf6db151563e298c?s=96&d=mm&r=g","caption":"vefstjori"}}]}},"_links":{"self":[{"href":"https:\/\/langaholt.is\/islenska\/wp-json\/wp\/v2\/posts\/2139","targetHints":{"allow":["GET"]}}],"collection":[{"href":"https:\/\/langaholt.is\/islenska\/wp-json\/wp\/v2\/posts"}],"about":[{"href":"https:\/\/langaholt.is\/islenska\/wp-json\/wp\/v2\/types\/post"}],"author":[{"embeddable":true,"href":"https:\/\/langaholt.is\/islenska\/wp-json\/wp\/v2\/users\/1"}],"replies":[{"embeddable":true,"href":"https:\/\/langaholt.is\/islenska\/wp-json\/wp\/v2\/comments?post=2139"}],"version-history":[{"count":3,"href":"https:\/\/langaholt.is\/islenska\/wp-json\/wp\/v2\/posts\/2139\/revisions"}],"predecessor-version":[{"id":2145,"href":"https:\/\/langaholt.is\/islenska\/wp-json\/wp\/v2\/posts\/2139\/revisions\/2145"}],"wp:featuredmedia":[{"embeddable":true,"href":"https:\/\/langaholt.is\/islenska\/wp-json\/wp\/v2\/media\/2182"}],"wp:attachment":[{"href":"https:\/\/langaholt.is\/islenska\/wp-json\/wp\/v2\/media?parent=2139"}],"wp:term":[{"taxonomy":"category","embeddable":true,"href":"https:\/\/langaholt.is\/islenska\/wp-json\/wp\/v2\/categories?post=2139"},{"taxonomy":"post_tag","embeddable":true,"href":"https:\/\/langaholt.is\/islenska\/wp-json\/wp\/v2\/tags?post=2139"}],"curies":[{"name":"wp","href":"https:\/\/api.w.org\/{rel}","templated":true}]}}