{"id":2152,"date":"2019-12-20T10:03:45","date_gmt":"2019-12-20T10:03:45","guid":{"rendered":"https:\/\/langaholt.is\/islenska\/?p=2152"},"modified":"2020-04-24T10:10:18","modified_gmt":"2020-04-24T10:10:18","slug":"bjugu-eru-besti-matur-i-heimi","status":"publish","type":"post","link":"https:\/\/langaholt.is\/islenska\/bjugu-eru-besti-matur-i-heimi\/","title":{"rendered":"\u201eBj\u00fagu eru besti matur \u00ed heimi\u201c"},"content":{"rendered":"\t\t<div data-elementor-type=\"wp-post\" data-elementor-id=\"2152\" class=\"elementor elementor-2152\">\n\t\t\t\t\t\t<section class=\"elementor-section elementor-top-section elementor-element elementor-element-c0afb13 elementor-section-boxed elementor-section-height-default elementor-section-height-default\" data-id=\"c0afb13\" data-element_type=\"section\" data-e-type=\"section\" data-settings=\"{&quot;hoteller_ext_is_background_parallax&quot;:&quot;false&quot;,&quot;hoteller_ext_is_background_on_scroll&quot;:&quot;false&quot;}\">\n\t\t\t\t\t\t<div class=\"elementor-container elementor-column-gap-default\">\n\t\t\t\t\t<div class=\"elementor-column elementor-col-100 elementor-top-column elementor-element elementor-element-c5228cd\" data-id=\"c5228cd\" data-element_type=\"column\" data-e-type=\"column\" data-settings=\"{&quot;hoteller_ext_link_sidemenu&quot;:&quot;false&quot;,&quot;hoteller_ext_link_fullmenu&quot;:&quot;false&quot;,&quot;hoteller_ext_link_closed_fullmenu&quot;:&quot;false&quot;,&quot;hoteller_ext_is_scrollme&quot;:&quot;false&quot;,&quot;hoteller_ext_is_smoove&quot;:&quot;false&quot;,&quot;hoteller_ext_is_parallax_mouse&quot;:&quot;false&quot;,&quot;hoteller_ext_is_infinite&quot;:&quot;false&quot;,&quot;hoteller_ext_is_fadeout_animation&quot;:&quot;false&quot;,&quot;hoteller_ext_mobile_static&quot;:&quot;false&quot;}\">\n\t\t\t<div class=\"elementor-widget-wrap elementor-element-populated\">\n\t\t\t\t\t\t<div class=\"elementor-element elementor-element-43fe1fe elementor-widget elementor-widget-heading\" data-id=\"43fe1fe\" data-element_type=\"widget\" data-e-type=\"widget\" data-settings=\"{&quot;hoteller_ext_link_sidemenu&quot;:&quot;false&quot;,&quot;hoteller_ext_link_fullmenu&quot;:&quot;false&quot;,&quot;hoteller_ext_link_closed_fullmenu&quot;:&quot;false&quot;,&quot;hoteller_ext_is_scrollme&quot;:&quot;false&quot;,&quot;hoteller_ext_is_smoove&quot;:&quot;false&quot;,&quot;hoteller_ext_is_parallax_mouse&quot;:&quot;false&quot;,&quot;hoteller_ext_is_infinite&quot;:&quot;false&quot;,&quot;hoteller_ext_is_fadeout_animation&quot;:&quot;false&quot;,&quot;hoteller_ext_mobile_static&quot;:&quot;false&quot;}\" data-widget_type=\"heading.default\">\n\t\t\t\t<div class=\"elementor-widget-container\">\n\t\t\t\t\t<h2 class=\"elementor-heading-title elementor-size-default\"><a href=\"https:\/\/skessuhorn.is\/2019\/12\/20\/bjugu-eru-besti-matur-i-heimi\/\" target=\"_blank\">\u201eBj\u00fagu eru besti matur \u00ed heimi\u201c\n\n- segir Bj\u00fagnakr\u00e6kir j\u00f3lasveinn \u00ed samtali vi\u00f0 Skessuhorn\n<\/a><\/h2>\t\t\t\t<\/div>\n\t\t\t\t<\/div>\n\t\t\t\t<div class=\"elementor-element elementor-element-70ef90e elementor-widget elementor-widget-text-editor\" data-id=\"70ef90e\" data-element_type=\"widget\" data-e-type=\"widget\" data-settings=\"{&quot;hoteller_ext_link_sidemenu&quot;:&quot;false&quot;,&quot;hoteller_ext_link_fullmenu&quot;:&quot;false&quot;,&quot;hoteller_ext_link_closed_fullmenu&quot;:&quot;false&quot;,&quot;hoteller_ext_is_scrollme&quot;:&quot;false&quot;,&quot;hoteller_ext_is_smoove&quot;:&quot;false&quot;,&quot;hoteller_ext_is_parallax_mouse&quot;:&quot;false&quot;,&quot;hoteller_ext_is_infinite&quot;:&quot;false&quot;,&quot;hoteller_ext_is_fadeout_animation&quot;:&quot;false&quot;,&quot;hoteller_ext_mobile_static&quot;:&quot;false&quot;}\" data-widget_type=\"text-editor.default\">\n\t\t\t\t<div class=\"elementor-widget-container\">\n\t\t\t\t\t\t\t\t\t<p>Litlu muna\u00f0i a\u00f0 algert uppn\u00e1m yr\u00f0i \u00e1 hinni \u00e1rlegu bj\u00fagnah\u00e1t\u00ed\u00f0 \u00ed Langaholti \u00ed Sta\u00f0arsveit \u00e1 d\u00f6gunum. Bj\u00fagnakr\u00e6kir sj\u00e1lfur m\u00e6tti nefnilega til bygg\u00f0a, l\u00f6ngu fyrir \u00e1\u00e6tla\u00f0an komut\u00edma og setti veisluh\u00f6ldin eil\u00edti\u00f0 \u00far skor\u00f0um. J\u00f3lasveinninn \u00f3\u00f0 \u00ed hvern bj\u00fagnar\u00e9ttinn \u00e1 f\u00e6tur \u00f6\u00f0rum og \u00e1 t\u00edmabili leit \u00fat fyrir a\u00f0 ekkert yr\u00f0i eftir handa \u00f6\u00f0rum gestum h\u00e1t\u00ed\u00f0arinnar. \u201e\u00deetta er miki\u00f0 meira en \u00fei\u00f0 \u00feurfi\u00f0,\u201c heyr\u00f0ist \u00ed Bj\u00fagnakr\u00e6ki \u00feegar hann ruddist inn \u00ed matsal Langaholts \u00e1 bj\u00fagnah\u00e1t\u00ed\u00f0inni, hrifsa\u00f0i me\u00f0 s\u00e9r tvo r\u00e9tti af hla\u00f0bor\u00f0inu og var samstundis rokinn \u00fat bakdyramegin.<\/p><p>\u00a0<\/p><h3>R\u00e6\u00f0ur ekki vi\u00f0 sig<\/h3><p>\u201e\u00c9g bara r\u00e6\u00f0 ekki vi\u00f0 mig \u00feegar kemur a\u00f0 bj\u00fagum,\u201c segir Bj\u00fagnakr\u00e6kir j\u00f3lasveinn \u00feegar Skessuhorn spyr um atviki\u00f0. Ekki er \u00fe\u00f3 a\u00f0 merkja neina i\u00f0run \u00ed or\u00f0um hans. \u201e\u00c9g fr\u00e9tti af \u00feessari himnesku h\u00e1t\u00ed\u00f0 og lauma\u00f0ist til bygg\u00f0a \u00feegar mamma og kattar\u00f3f\u00e9ti\u00f0 s\u00e1u ekki til, l\u00f6ngu fyrir settan dag, ef svo m\u00e1 segja,\u201c segir hann, en Bj\u00fagnakr\u00e6kir kemur vanalega ekki af fj\u00f6llum \u00ed b\u00f3kstaflegri merkingu fyrr en 20. desember \u00e1r hvert. \u201e\u00dearna voru bj\u00fagu me\u00f0 bernaises\u00f3su, bj\u00fagna-Wellington, buffal\u00f3bj\u00fagu, bj\u00fagnapitsur, hreind\u00fdrabj\u00fagu, r\u00f3nahryggur og \u00e9g veit ekki hva\u00f0 og hva\u00f0 og nammi, nammi, namm!\u201c segir j\u00f3lasveinninn dreyminn og nokku\u00f0 utan vi\u00f0 sig \u00feegar hann hugsar til kr\u00e6singanna. \u201eEn upp\u00e1haldi\u00f0 mitt, sem \u00e9g bor\u00f0a\u00f0i hva\u00f0 mest af, eru a\u00f0 sj\u00e1lfs\u00f6g\u00f0u reykt hrossabj\u00fagu me\u00f0 St\u00faf&#8230; nei, \u00e9g meina uppst\u00faf!\u201c segir Bj\u00fagnakr\u00e6kir og \u00e6tlar gersamlega a\u00f0 rifna \u00far hl\u00e1tri.<\/p><p>\u00a0<\/p><h3>Bj\u00fagu \u00ed k\u00f3kos og karr\u00fd<\/h3><p>\u201e\u00c9g elska bj\u00fagu. Bj\u00fagu eru besti matur \u00ed heimi! \u00deetta var besti dagur l\u00edfs m\u00edns og \u00e9g \u00e6tla a\u00f0 bor\u00f0a bj\u00fagu \u00ed alla mata fram a\u00f0 j\u00f3lum og yfir h\u00e1t\u00ed\u00f0irnar og langt fram \u00e1 n\u00e6sta \u00e1r, eins og \u00e9g er vanur,\u201c segir Bj\u00fagnakr\u00e6kir og b\u00e6tir \u00fev\u00ed vi\u00f0 a\u00f0 hann hafi komist \u00ed t\u00e6ri vi\u00f0 d\u00e1samlegan r\u00e9tt \u00e1 bj\u00fagnah\u00e1t\u00ed\u00f0 \u00ed Langaholti, r\u00e9tt sem hann haf\u00f0i aldrei brag\u00f0a\u00f0 \u00e1\u00f0ur. \u201e\u00c9g hef fussa\u00f0 og sveia\u00f0 lengi yfir \u00feessu \u201ekj\u00f6t \u00ed karr\u00fd\u201c sulli sem Ketkr\u00f3kur og a\u00f0rir sem ekkert vit hafa \u00e1 mat masa miki\u00f0 um. Miki\u00f0 betri \u00feykir m\u00e9r r\u00e9ttur sem \u00e9g smakka\u00f0i \u00e1 bj\u00fagnah\u00e1t\u00ed\u00f0inni; bj\u00fagu \u00ed \u201ek\u00f3kos og karr\u00fd\u201c. M\u00e9r t\u00f3kst me\u00f0 miklum kl\u00f3kindum a\u00f0 stela uppskriftinni a\u00f0 \u00feessum gu\u00f0d\u00f3mlega mat \u00e1 lei\u00f0 minni \u00ed gegnum eldh\u00fasi\u00f0,\u201c segir j\u00f3lasveinninn hr\u00f3\u00f0ugur. \u201e\u00dear segir a\u00f0 skera skyldi einn til tvo lauka eftir smekk og steikja l\u00e9tt \u00ed potti upp \u00far d\u00e1g\u00f3\u00f0ri kl\u00edpu af sm\u00e9ri. \u00dev\u00ed n\u00e6st er b\u00e6tt \u00fat \u00ed einni matskei\u00f0 af gulu dufti sem er v\u00edst kalla\u00f0 \u201ekarr\u00fd\u201c og leyft a\u00f0 malla me\u00f0 lauknum og smj\u00f6rinu \u00ed um \u00fea\u00f0 bil tv\u00e6r m\u00edn\u00fatur, \u00fear til tveimur matskei\u00f0um af hveiti er b\u00e6tt \u00fat \u00ed og hr\u00e6rt saman vi\u00f0. \u00dev\u00ed n\u00e6st er tekin ein d\u00f3s af einhverju sem heitir \u201ek\u00f3kosmj\u00f3lk\u201c og \u00e9g haf\u00f0i aldrei heyrt um \u00e1\u00f0ur en t\u00f3kst a\u00f0 ver\u00f0a m\u00e9r \u00fat um me\u00f0 miklum kl\u00f3kindum og sm\u00e1 bj\u00fagnaso\u00f0i \u00fear til \u00e1kj\u00f3sanlegri \u00feykkt er n\u00e1\u00f0. \u00dev\u00ed n\u00e6st er ni\u00f0urskornu bj\u00faga b\u00e6tt \u00fat \u00ed s\u00f3suna og einnig \u00feykir m\u00e9r gott a\u00f0 b\u00e6ta \u00fat \u00ed so\u00f0num gulr\u00f3tum og kart\u00f6flum og bera svo herlegheitin fram me\u00f0 so\u00f0num hr\u00edsgrj\u00f3num,\u201c segir Bj\u00fagnakr\u00e6kir. \u201e\u00deetta \u00feykir m\u00e9r svo frumlegur, en gu\u00f0d\u00f3mlega brag\u00f0g\u00f3\u00f0ur r\u00e9ttur, a\u00f0 \u00e9g \u00e6tla a\u00f0 elda hann eins oft og m\u00e9r tekst a\u00f0 ver\u00f0a m\u00e9r \u00fati um \u00feessi skr\u00fdtnu hr\u00e1efni sem \u00fearf til a\u00f0 elda hann,\u201c segir Bj\u00fagnakr\u00e6kir a\u00f0 endingu.<\/p>\t\t\t\t\t\t\t\t<\/div>\n\t\t\t\t<\/div>\n\t\t\t\t\t<\/div>\n\t\t<\/div>\n\t\t\t\t\t<\/div>\n\t\t<\/section>\n\t\t\t\t<\/div>\n\t\t","protected":false},"excerpt":{"rendered":"<p>\u201eBj\u00fagu eru besti matur \u00ed heimi\u201c &#8211; segir Bj\u00fagnakr\u00e6kir j\u00f3lasveinn \u00ed samtali vi\u00f0 Skessuhorn Litlu muna\u00f0i a\u00f0 algert uppn\u00e1m yr\u00f0i \u00e1 hinni \u00e1rlegu bj\u00fagnah\u00e1t\u00ed\u00f0 \u00ed Langaholti \u00ed Sta\u00f0arsveit \u00e1 d\u00f6gunum. Bj\u00fagnakr\u00e6kir sj\u00e1lfur m\u00e6tti nefnilega til bygg\u00f0a, l\u00f6ngu fyrir \u00e1\u00e6tla\u00f0an komut\u00edma [&hellip;]<\/p>\n","protected":false},"author":1,"featured_media":2153,"comment_status":"closed","ping_status":"open","sticky":false,"template":"","format":"standard","meta":{"footnotes":""},"categories":[1],"tags":[],"class_list":["post-2152","post","type-post","status-publish","format-standard","has-post-thumbnail","hentry","category-uncategorized"],"yoast_head":"<!-- This site is optimized with the Yoast SEO plugin v27.5 - https:\/\/yoast.com\/product\/yoast-seo-wordpress\/ -->\n<title>\u201eBj\u00fagu eru besti matur \u00ed heimi\u201c - Langaholt sveitah\u00f3tel<\/title>\n<meta name=\"robots\" content=\"index, follow, max-snippet:-1, max-image-preview:large, max-video-preview:-1\" \/>\n<link rel=\"canonical\" href=\"https:\/\/langaholt.is\/islenska\/bjugu-eru-besti-matur-i-heimi\/\" \/>\n<meta property=\"og:locale\" content=\"is_IS\" \/>\n<meta property=\"og:type\" content=\"article\" \/>\n<meta property=\"og:title\" content=\"\u201eBj\u00fagu eru besti matur \u00ed heimi\u201c - Langaholt sveitah\u00f3tel\" \/>\n<meta property=\"og:description\" content=\"\u201eBj\u00fagu eru besti matur \u00ed heimi\u201c &#8211; segir Bj\u00fagnakr\u00e6kir j\u00f3lasveinn \u00ed samtali vi\u00f0 Skessuhorn Litlu muna\u00f0i a\u00f0 algert uppn\u00e1m yr\u00f0i \u00e1 hinni \u00e1rlegu bj\u00fagnah\u00e1t\u00ed\u00f0 \u00ed Langaholti \u00ed Sta\u00f0arsveit \u00e1 d\u00f6gunum. Bj\u00fagnakr\u00e6kir sj\u00e1lfur m\u00e6tti nefnilega til bygg\u00f0a, l\u00f6ngu fyrir \u00e1\u00e6tla\u00f0an komut\u00edma [&hellip;]\" \/>\n<meta property=\"og:url\" content=\"https:\/\/langaholt.is\/islenska\/bjugu-eru-besti-matur-i-heimi\/\" \/>\n<meta property=\"og:site_name\" content=\"Langaholt sveitah\u00f3tel\" \/>\n<meta property=\"article:publisher\" content=\"https:\/\/www.facebook.com\/langaholt\/\" \/>\n<meta property=\"article:published_time\" content=\"2019-12-20T10:03:45+00:00\" \/>\n<meta property=\"article:modified_time\" content=\"2020-04-24T10:10:18+00:00\" \/>\n<meta property=\"og:image\" content=\"https:\/\/langaholt.is\/islenska\/wp-content\/uploads\/2020\/04\/Bj\u00fagu-eru-besti-matur-\u00ed-heimi_1-scaled.jpg\" \/>\n\t<meta property=\"og:image:width\" content=\"2560\" \/>\n\t<meta property=\"og:image:height\" content=\"1707\" \/>\n\t<meta property=\"og:image:type\" content=\"image\/jpeg\" \/>\n<meta name=\"author\" content=\"vefstjori\" \/>\n<meta name=\"twitter:card\" content=\"summary_large_image\" \/>\n<meta name=\"twitter:label1\" content=\"Written by\" \/>\n\t<meta name=\"twitter:data1\" content=\"vefstjori\" \/>\n\t<meta name=\"twitter:label2\" content=\"Est. reading time\" \/>\n\t<meta name=\"twitter:data2\" content=\"3 minutes\" \/>\n<script type=\"application\/ld+json\" class=\"yoast-schema-graph\">{\"@context\":\"https:\\\/\\\/schema.org\",\"@graph\":[{\"@type\":\"Article\",\"@id\":\"https:\\\/\\\/langaholt.is\\\/islenska\\\/bjugu-eru-besti-matur-i-heimi\\\/#article\",\"isPartOf\":{\"@id\":\"https:\\\/\\\/langaholt.is\\\/islenska\\\/bjugu-eru-besti-matur-i-heimi\\\/\"},\"author\":{\"name\":\"vefstjori\",\"@id\":\"https:\\\/\\\/langaholt.is\\\/islenska\\\/#\\\/schema\\\/person\\\/ef9d2805fe68343f8150ec027ca9f880\"},\"headline\":\"\u201eBj\u00fagu eru besti matur \u00ed heimi\u201c\",\"datePublished\":\"2019-12-20T10:03:45+00:00\",\"dateModified\":\"2020-04-24T10:10:18+00:00\",\"mainEntityOfPage\":{\"@id\":\"https:\\\/\\\/langaholt.is\\\/islenska\\\/bjugu-eru-besti-matur-i-heimi\\\/\"},\"wordCount\":694,\"publisher\":{\"@id\":\"https:\\\/\\\/langaholt.is\\\/islenska\\\/#organization\"},\"image\":{\"@id\":\"https:\\\/\\\/langaholt.is\\\/islenska\\\/bjugu-eru-besti-matur-i-heimi\\\/#primaryimage\"},\"thumbnailUrl\":\"https:\\\/\\\/langaholt.is\\\/islenska\\\/wp-content\\\/uploads\\\/2020\\\/04\\\/Bj\u00fagu-eru-besti-matur-\u00ed-heimi_1-scaled.jpg\",\"articleSection\":[\"Uncategorized\"],\"inLanguage\":\"is\"},{\"@type\":\"WebPage\",\"@id\":\"https:\\\/\\\/langaholt.is\\\/islenska\\\/bjugu-eru-besti-matur-i-heimi\\\/\",\"url\":\"https:\\\/\\\/langaholt.is\\\/islenska\\\/bjugu-eru-besti-matur-i-heimi\\\/\",\"name\":\"\u201eBj\u00fagu eru besti matur \u00ed heimi\u201c - Langaholt sveitah\u00f3tel\",\"isPartOf\":{\"@id\":\"https:\\\/\\\/langaholt.is\\\/islenska\\\/#website\"},\"primaryImageOfPage\":{\"@id\":\"https:\\\/\\\/langaholt.is\\\/islenska\\\/bjugu-eru-besti-matur-i-heimi\\\/#primaryimage\"},\"image\":{\"@id\":\"https:\\\/\\\/langaholt.is\\\/islenska\\\/bjugu-eru-besti-matur-i-heimi\\\/#primaryimage\"},\"thumbnailUrl\":\"https:\\\/\\\/langaholt.is\\\/islenska\\\/wp-content\\\/uploads\\\/2020\\\/04\\\/Bj\u00fagu-eru-besti-matur-\u00ed-heimi_1-scaled.jpg\",\"datePublished\":\"2019-12-20T10:03:45+00:00\",\"dateModified\":\"2020-04-24T10:10:18+00:00\",\"breadcrumb\":{\"@id\":\"https:\\\/\\\/langaholt.is\\\/islenska\\\/bjugu-eru-besti-matur-i-heimi\\\/#breadcrumb\"},\"inLanguage\":\"is\",\"potentialAction\":[{\"@type\":\"ReadAction\",\"target\":[\"https:\\\/\\\/langaholt.is\\\/islenska\\\/bjugu-eru-besti-matur-i-heimi\\\/\"]}]},{\"@type\":\"ImageObject\",\"inLanguage\":\"is\",\"@id\":\"https:\\\/\\\/langaholt.is\\\/islenska\\\/bjugu-eru-besti-matur-i-heimi\\\/#primaryimage\",\"url\":\"https:\\\/\\\/langaholt.is\\\/islenska\\\/wp-content\\\/uploads\\\/2020\\\/04\\\/Bj\u00fagu-eru-besti-matur-\u00ed-heimi_1-scaled.jpg\",\"contentUrl\":\"https:\\\/\\\/langaholt.is\\\/islenska\\\/wp-content\\\/uploads\\\/2020\\\/04\\\/Bj\u00fagu-eru-besti-matur-\u00ed-heimi_1-scaled.jpg\",\"width\":2560,\"height\":1707},{\"@type\":\"BreadcrumbList\",\"@id\":\"https:\\\/\\\/langaholt.is\\\/islenska\\\/bjugu-eru-besti-matur-i-heimi\\\/#breadcrumb\",\"itemListElement\":[{\"@type\":\"ListItem\",\"position\":1,\"name\":\"Home\",\"item\":\"https:\\\/\\\/langaholt.is\\\/islenska\\\/\"},{\"@type\":\"ListItem\",\"position\":2,\"name\":\"\u201eBj\u00fagu eru besti matur \u00ed heimi\u201c\"}]},{\"@type\":\"WebSite\",\"@id\":\"https:\\\/\\\/langaholt.is\\\/islenska\\\/#website\",\"url\":\"https:\\\/\\\/langaholt.is\\\/islenska\\\/\",\"name\":\"Langaholt Sveitah\u00f3tel\",\"description\":\"Ekta \u00edslensk sveitah\u00f3tel \u00e1 Sn\u00e6fellsnesinu\",\"publisher\":{\"@id\":\"https:\\\/\\\/langaholt.is\\\/islenska\\\/#organization\"},\"potentialAction\":[{\"@type\":\"SearchAction\",\"target\":{\"@type\":\"EntryPoint\",\"urlTemplate\":\"https:\\\/\\\/langaholt.is\\\/islenska\\\/?s={search_term_string}\"},\"query-input\":{\"@type\":\"PropertyValueSpecification\",\"valueRequired\":true,\"valueName\":\"search_term_string\"}}],\"inLanguage\":\"is\"},{\"@type\":\"Organization\",\"@id\":\"https:\\\/\\\/langaholt.is\\\/islenska\\\/#organization\",\"name\":\"Langaholt\",\"url\":\"https:\\\/\\\/langaholt.is\\\/islenska\\\/\",\"logo\":{\"@type\":\"ImageObject\",\"inLanguage\":\"is\",\"@id\":\"https:\\\/\\\/langaholt.is\\\/islenska\\\/#\\\/schema\\\/logo\\\/image\\\/\",\"url\":\"https:\\\/\\\/langaholt.is\\\/islenska\\\/wp-content\\\/uploads\\\/2020\\\/02\\\/Langaholt-logo-vefur.jpg\",\"contentUrl\":\"https:\\\/\\\/langaholt.is\\\/islenska\\\/wp-content\\\/uploads\\\/2020\\\/02\\\/Langaholt-logo-vefur.jpg\",\"width\":261,\"height\":85,\"caption\":\"Langaholt\"},\"image\":{\"@id\":\"https:\\\/\\\/langaholt.is\\\/islenska\\\/#\\\/schema\\\/logo\\\/image\\\/\"},\"sameAs\":[\"https:\\\/\\\/www.facebook.com\\\/langaholt\\\/\",\"https:\\\/\\\/www.instagram.com\\\/langaholt\\\/\"]},{\"@type\":\"Person\",\"@id\":\"https:\\\/\\\/langaholt.is\\\/islenska\\\/#\\\/schema\\\/person\\\/ef9d2805fe68343f8150ec027ca9f880\",\"name\":\"vefstjori\",\"image\":{\"@type\":\"ImageObject\",\"inLanguage\":\"is\",\"@id\":\"https:\\\/\\\/secure.gravatar.com\\\/avatar\\\/16d1d05549f8572442122902fcf2103164a064ed7f22b965bf6db151563e298c?s=96&d=mm&r=g\",\"url\":\"https:\\\/\\\/secure.gravatar.com\\\/avatar\\\/16d1d05549f8572442122902fcf2103164a064ed7f22b965bf6db151563e298c?s=96&d=mm&r=g\",\"contentUrl\":\"https:\\\/\\\/secure.gravatar.com\\\/avatar\\\/16d1d05549f8572442122902fcf2103164a064ed7f22b965bf6db151563e298c?s=96&d=mm&r=g\",\"caption\":\"vefstjori\"}}]}<\/script>\n<!-- \/ Yoast SEO plugin. -->","yoast_head_json":{"title":"\u201eBj\u00fagu eru besti matur \u00ed heimi\u201c - Langaholt sveitah\u00f3tel","robots":{"index":"index","follow":"follow","max-snippet":"max-snippet:-1","max-image-preview":"max-image-preview:large","max-video-preview":"max-video-preview:-1"},"canonical":"https:\/\/langaholt.is\/islenska\/bjugu-eru-besti-matur-i-heimi\/","og_locale":"is_IS","og_type":"article","og_title":"\u201eBj\u00fagu eru besti matur \u00ed heimi\u201c - Langaholt sveitah\u00f3tel","og_description":"\u201eBj\u00fagu eru besti matur \u00ed heimi\u201c &#8211; segir Bj\u00fagnakr\u00e6kir j\u00f3lasveinn \u00ed samtali vi\u00f0 Skessuhorn Litlu muna\u00f0i a\u00f0 algert uppn\u00e1m yr\u00f0i \u00e1 hinni \u00e1rlegu bj\u00fagnah\u00e1t\u00ed\u00f0 \u00ed Langaholti \u00ed Sta\u00f0arsveit \u00e1 d\u00f6gunum. Bj\u00fagnakr\u00e6kir sj\u00e1lfur m\u00e6tti nefnilega til bygg\u00f0a, l\u00f6ngu fyrir \u00e1\u00e6tla\u00f0an komut\u00edma [&hellip;]","og_url":"https:\/\/langaholt.is\/islenska\/bjugu-eru-besti-matur-i-heimi\/","og_site_name":"Langaholt sveitah\u00f3tel","article_publisher":"https:\/\/www.facebook.com\/langaholt\/","article_published_time":"2019-12-20T10:03:45+00:00","article_modified_time":"2020-04-24T10:10:18+00:00","og_image":[{"width":2560,"height":1707,"url":"https:\/\/langaholt.is\/islenska\/wp-content\/uploads\/2020\/04\/Bj\u00fagu-eru-besti-matur-\u00ed-heimi_1-scaled.jpg","type":"image\/jpeg"}],"author":"vefstjori","twitter_card":"summary_large_image","twitter_misc":{"Written by":"vefstjori","Est. reading time":"3 minutes"},"schema":{"@context":"https:\/\/schema.org","@graph":[{"@type":"Article","@id":"https:\/\/langaholt.is\/islenska\/bjugu-eru-besti-matur-i-heimi\/#article","isPartOf":{"@id":"https:\/\/langaholt.is\/islenska\/bjugu-eru-besti-matur-i-heimi\/"},"author":{"name":"vefstjori","@id":"https:\/\/langaholt.is\/islenska\/#\/schema\/person\/ef9d2805fe68343f8150ec027ca9f880"},"headline":"\u201eBj\u00fagu eru besti matur \u00ed heimi\u201c","datePublished":"2019-12-20T10:03:45+00:00","dateModified":"2020-04-24T10:10:18+00:00","mainEntityOfPage":{"@id":"https:\/\/langaholt.is\/islenska\/bjugu-eru-besti-matur-i-heimi\/"},"wordCount":694,"publisher":{"@id":"https:\/\/langaholt.is\/islenska\/#organization"},"image":{"@id":"https:\/\/langaholt.is\/islenska\/bjugu-eru-besti-matur-i-heimi\/#primaryimage"},"thumbnailUrl":"https:\/\/langaholt.is\/islenska\/wp-content\/uploads\/2020\/04\/Bj\u00fagu-eru-besti-matur-\u00ed-heimi_1-scaled.jpg","articleSection":["Uncategorized"],"inLanguage":"is"},{"@type":"WebPage","@id":"https:\/\/langaholt.is\/islenska\/bjugu-eru-besti-matur-i-heimi\/","url":"https:\/\/langaholt.is\/islenska\/bjugu-eru-besti-matur-i-heimi\/","name":"\u201eBj\u00fagu eru besti matur \u00ed heimi\u201c - Langaholt sveitah\u00f3tel","isPartOf":{"@id":"https:\/\/langaholt.is\/islenska\/#website"},"primaryImageOfPage":{"@id":"https:\/\/langaholt.is\/islenska\/bjugu-eru-besti-matur-i-heimi\/#primaryimage"},"image":{"@id":"https:\/\/langaholt.is\/islenska\/bjugu-eru-besti-matur-i-heimi\/#primaryimage"},"thumbnailUrl":"https:\/\/langaholt.is\/islenska\/wp-content\/uploads\/2020\/04\/Bj\u00fagu-eru-besti-matur-\u00ed-heimi_1-scaled.jpg","datePublished":"2019-12-20T10:03:45+00:00","dateModified":"2020-04-24T10:10:18+00:00","breadcrumb":{"@id":"https:\/\/langaholt.is\/islenska\/bjugu-eru-besti-matur-i-heimi\/#breadcrumb"},"inLanguage":"is","potentialAction":[{"@type":"ReadAction","target":["https:\/\/langaholt.is\/islenska\/bjugu-eru-besti-matur-i-heimi\/"]}]},{"@type":"ImageObject","inLanguage":"is","@id":"https:\/\/langaholt.is\/islenska\/bjugu-eru-besti-matur-i-heimi\/#primaryimage","url":"https:\/\/langaholt.is\/islenska\/wp-content\/uploads\/2020\/04\/Bj\u00fagu-eru-besti-matur-\u00ed-heimi_1-scaled.jpg","contentUrl":"https:\/\/langaholt.is\/islenska\/wp-content\/uploads\/2020\/04\/Bj\u00fagu-eru-besti-matur-\u00ed-heimi_1-scaled.jpg","width":2560,"height":1707},{"@type":"BreadcrumbList","@id":"https:\/\/langaholt.is\/islenska\/bjugu-eru-besti-matur-i-heimi\/#breadcrumb","itemListElement":[{"@type":"ListItem","position":1,"name":"Home","item":"https:\/\/langaholt.is\/islenska\/"},{"@type":"ListItem","position":2,"name":"\u201eBj\u00fagu eru besti matur \u00ed heimi\u201c"}]},{"@type":"WebSite","@id":"https:\/\/langaholt.is\/islenska\/#website","url":"https:\/\/langaholt.is\/islenska\/","name":"Langaholt Sveitah\u00f3tel","description":"Ekta \u00edslensk sveitah\u00f3tel \u00e1 Sn\u00e6fellsnesinu","publisher":{"@id":"https:\/\/langaholt.is\/islenska\/#organization"},"potentialAction":[{"@type":"SearchAction","target":{"@type":"EntryPoint","urlTemplate":"https:\/\/langaholt.is\/islenska\/?s={search_term_string}"},"query-input":{"@type":"PropertyValueSpecification","valueRequired":true,"valueName":"search_term_string"}}],"inLanguage":"is"},{"@type":"Organization","@id":"https:\/\/langaholt.is\/islenska\/#organization","name":"Langaholt","url":"https:\/\/langaholt.is\/islenska\/","logo":{"@type":"ImageObject","inLanguage":"is","@id":"https:\/\/langaholt.is\/islenska\/#\/schema\/logo\/image\/","url":"https:\/\/langaholt.is\/islenska\/wp-content\/uploads\/2020\/02\/Langaholt-logo-vefur.jpg","contentUrl":"https:\/\/langaholt.is\/islenska\/wp-content\/uploads\/2020\/02\/Langaholt-logo-vefur.jpg","width":261,"height":85,"caption":"Langaholt"},"image":{"@id":"https:\/\/langaholt.is\/islenska\/#\/schema\/logo\/image\/"},"sameAs":["https:\/\/www.facebook.com\/langaholt\/","https:\/\/www.instagram.com\/langaholt\/"]},{"@type":"Person","@id":"https:\/\/langaholt.is\/islenska\/#\/schema\/person\/ef9d2805fe68343f8150ec027ca9f880","name":"vefstjori","image":{"@type":"ImageObject","inLanguage":"is","@id":"https:\/\/secure.gravatar.com\/avatar\/16d1d05549f8572442122902fcf2103164a064ed7f22b965bf6db151563e298c?s=96&d=mm&r=g","url":"https:\/\/secure.gravatar.com\/avatar\/16d1d05549f8572442122902fcf2103164a064ed7f22b965bf6db151563e298c?s=96&d=mm&r=g","contentUrl":"https:\/\/secure.gravatar.com\/avatar\/16d1d05549f8572442122902fcf2103164a064ed7f22b965bf6db151563e298c?s=96&d=mm&r=g","caption":"vefstjori"}}]}},"_links":{"self":[{"href":"https:\/\/langaholt.is\/islenska\/wp-json\/wp\/v2\/posts\/2152","targetHints":{"allow":["GET"]}}],"collection":[{"href":"https:\/\/langaholt.is\/islenska\/wp-json\/wp\/v2\/posts"}],"about":[{"href":"https:\/\/langaholt.is\/islenska\/wp-json\/wp\/v2\/types\/post"}],"author":[{"embeddable":true,"href":"https:\/\/langaholt.is\/islenska\/wp-json\/wp\/v2\/users\/1"}],"replies":[{"embeddable":true,"href":"https:\/\/langaholt.is\/islenska\/wp-json\/wp\/v2\/comments?post=2152"}],"version-history":[{"count":2,"href":"https:\/\/langaholt.is\/islenska\/wp-json\/wp\/v2\/posts\/2152\/revisions"}],"predecessor-version":[{"id":2156,"href":"https:\/\/langaholt.is\/islenska\/wp-json\/wp\/v2\/posts\/2152\/revisions\/2156"}],"wp:featuredmedia":[{"embeddable":true,"href":"https:\/\/langaholt.is\/islenska\/wp-json\/wp\/v2\/media\/2153"}],"wp:attachment":[{"href":"https:\/\/langaholt.is\/islenska\/wp-json\/wp\/v2\/media?parent=2152"}],"wp:term":[{"taxonomy":"category","embeddable":true,"href":"https:\/\/langaholt.is\/islenska\/wp-json\/wp\/v2\/categories?post=2152"},{"taxonomy":"post_tag","embeddable":true,"href":"https:\/\/langaholt.is\/islenska\/wp-json\/wp\/v2\/tags?post=2152"}],"curies":[{"name":"wp","href":"https:\/\/api.w.org\/{rel}","templated":true}]}}