{"id":2157,"date":"2016-11-09T10:15:00","date_gmt":"2016-11-09T10:15:00","guid":{"rendered":"https:\/\/langaholt.is\/islenska\/?p=2157"},"modified":"2020-04-24T10:19:14","modified_gmt":"2020-04-24T10:19:14","slug":"styttist-i-ad-staerra-hotelrymi-verdi-tekid-i-notkun-i-langaholti","status":"publish","type":"post","link":"https:\/\/langaholt.is\/islenska\/styttist-i-ad-staerra-hotelrymi-verdi-tekid-i-notkun-i-langaholti\/","title":{"rendered":"Styttist \u00ed a\u00f0 st\u00e6rra h\u00f3telr\u00fdmi ver\u00f0i teki\u00f0 \u00ed notkun \u00ed Langaholti"},"content":{"rendered":"\t\t<div data-elementor-type=\"wp-post\" data-elementor-id=\"2157\" class=\"elementor elementor-2157\">\n\t\t\t\t\t\t<section class=\"elementor-section elementor-top-section elementor-element elementor-element-0d5f310 elementor-section-boxed elementor-section-height-default elementor-section-height-default\" data-id=\"0d5f310\" data-element_type=\"section\" data-e-type=\"section\" data-settings=\"{&quot;hoteller_ext_is_background_parallax&quot;:&quot;false&quot;,&quot;hoteller_ext_is_background_on_scroll&quot;:&quot;false&quot;}\">\n\t\t\t\t\t\t<div class=\"elementor-container elementor-column-gap-default\">\n\t\t\t\t\t<div class=\"elementor-column elementor-col-100 elementor-top-column elementor-element elementor-element-e3b3768\" data-id=\"e3b3768\" data-element_type=\"column\" data-e-type=\"column\" data-settings=\"{&quot;hoteller_ext_link_sidemenu&quot;:&quot;false&quot;,&quot;hoteller_ext_link_fullmenu&quot;:&quot;false&quot;,&quot;hoteller_ext_link_closed_fullmenu&quot;:&quot;false&quot;,&quot;hoteller_ext_is_scrollme&quot;:&quot;false&quot;,&quot;hoteller_ext_is_smoove&quot;:&quot;false&quot;,&quot;hoteller_ext_is_parallax_mouse&quot;:&quot;false&quot;,&quot;hoteller_ext_is_infinite&quot;:&quot;false&quot;,&quot;hoteller_ext_is_fadeout_animation&quot;:&quot;false&quot;,&quot;hoteller_ext_mobile_static&quot;:&quot;false&quot;}\">\n\t\t\t<div class=\"elementor-widget-wrap elementor-element-populated\">\n\t\t\t\t\t\t<div class=\"elementor-element elementor-element-2b17978 elementor-widget elementor-widget-heading\" data-id=\"2b17978\" data-element_type=\"widget\" data-e-type=\"widget\" data-settings=\"{&quot;hoteller_ext_link_sidemenu&quot;:&quot;false&quot;,&quot;hoteller_ext_link_fullmenu&quot;:&quot;false&quot;,&quot;hoteller_ext_link_closed_fullmenu&quot;:&quot;false&quot;,&quot;hoteller_ext_is_scrollme&quot;:&quot;false&quot;,&quot;hoteller_ext_is_smoove&quot;:&quot;false&quot;,&quot;hoteller_ext_is_parallax_mouse&quot;:&quot;false&quot;,&quot;hoteller_ext_is_infinite&quot;:&quot;false&quot;,&quot;hoteller_ext_is_fadeout_animation&quot;:&quot;false&quot;,&quot;hoteller_ext_mobile_static&quot;:&quot;false&quot;}\" data-widget_type=\"heading.default\">\n\t\t\t\t<div class=\"elementor-widget-container\">\n\t\t\t\t\t<h2 class=\"elementor-heading-title elementor-size-default\">Styttist \u00ed a\u00f0 st\u00e6rra h\u00f3telr\u00fdmi ver\u00f0i teki\u00f0 \u00ed notkun \u00ed Langaholti<\/h2>\t\t\t\t<\/div>\n\t\t\t\t<\/div>\n\t\t\t\t\t<\/div>\n\t\t<\/div>\n\t\t\t\t\t<\/div>\n\t\t<\/section>\n\t\t\t\t<section class=\"elementor-section elementor-top-section elementor-element elementor-element-df59de2 elementor-section-boxed elementor-section-height-default elementor-section-height-default\" data-id=\"df59de2\" data-element_type=\"section\" data-e-type=\"section\" data-settings=\"{&quot;hoteller_ext_is_background_parallax&quot;:&quot;false&quot;,&quot;hoteller_ext_is_background_on_scroll&quot;:&quot;false&quot;}\">\n\t\t\t\t\t\t<div class=\"elementor-container elementor-column-gap-default\">\n\t\t\t\t\t<div class=\"elementor-column elementor-col-100 elementor-top-column elementor-element elementor-element-4c54997\" data-id=\"4c54997\" data-element_type=\"column\" data-e-type=\"column\" data-settings=\"{&quot;hoteller_ext_link_sidemenu&quot;:&quot;false&quot;,&quot;hoteller_ext_link_fullmenu&quot;:&quot;false&quot;,&quot;hoteller_ext_link_closed_fullmenu&quot;:&quot;false&quot;,&quot;hoteller_ext_is_scrollme&quot;:&quot;false&quot;,&quot;hoteller_ext_is_smoove&quot;:&quot;false&quot;,&quot;hoteller_ext_is_parallax_mouse&quot;:&quot;false&quot;,&quot;hoteller_ext_is_infinite&quot;:&quot;false&quot;,&quot;hoteller_ext_is_fadeout_animation&quot;:&quot;false&quot;,&quot;hoteller_ext_mobile_static&quot;:&quot;false&quot;}\">\n\t\t\t<div class=\"elementor-widget-wrap elementor-element-populated\">\n\t\t\t\t\t\t<div class=\"elementor-element elementor-element-f6d21ec elementor-widget elementor-widget-text-editor\" data-id=\"f6d21ec\" data-element_type=\"widget\" data-e-type=\"widget\" data-settings=\"{&quot;hoteller_ext_link_sidemenu&quot;:&quot;false&quot;,&quot;hoteller_ext_link_fullmenu&quot;:&quot;false&quot;,&quot;hoteller_ext_link_closed_fullmenu&quot;:&quot;false&quot;,&quot;hoteller_ext_is_scrollme&quot;:&quot;false&quot;,&quot;hoteller_ext_is_smoove&quot;:&quot;false&quot;,&quot;hoteller_ext_is_parallax_mouse&quot;:&quot;false&quot;,&quot;hoteller_ext_is_infinite&quot;:&quot;false&quot;,&quot;hoteller_ext_is_fadeout_animation&quot;:&quot;false&quot;,&quot;hoteller_ext_mobile_static&quot;:&quot;false&quot;}\" data-widget_type=\"text-editor.default\">\n\t\t\t\t<div class=\"elementor-widget-container\">\n\t\t\t\t\t\t\t\t\t<p>Framkv\u00e6mdir vi\u00f0 st\u00e6kkun gistih\u00fassins a\u00f0 Langaholti \u00ed Sta\u00f0arsveit \u00e1 Sn\u00e6fellsnesi ganga vel. \u00deegar \u00feeim l\u00fdkur tv\u00f6faldast herbergjatalan, fer \u00far 20 \u00ed 40. N\u00fdju herbergin eru \u00f6ll tveggja manna me\u00f0 ba\u00f0i. Einnig ver\u00f0ur tekin \u00ed notkun n\u00fd m\u00f3ttaka og mun gamli inngangurinn leggjast af \u00feegar n\u00fdi hlutinn ver\u00f0ur kominn \u00ed gagni\u00f0.<\/p><p>\u00deorkell S\u00edmonarson, Keli vert, er eigandi gistih\u00fassins. Hann kve\u00f0st \u00ed samtali vi\u00f0 Skessuhorn vonast til a\u00f0 sex herbergi ver\u00f0i tilb\u00fain \u00ed n\u00e6stu viku. Stefnt s\u00e9 a\u00f0 \u00fev\u00ed a\u00f0 framkv\u00e6mdunum lj\u00faki svo \u00ed jan\u00faar \u00e1 n\u00e6sta \u00e1ri ef allt gengur a\u00f0 \u00f3skum. A\u00f0spur\u00f0ur um \u00e1st\u00e6\u00f0u \u00feess a\u00f0 fari\u00f0 var \u00ed \u00feessar framkv\u00e6mdir segir Keli a\u00f0 eftirspurn eftir gistingu \u00e1 sv\u00e6\u00f0inu hafi aukist til muna og starfi\u00f0 s\u00e9 or\u00f0i\u00f0 \u00feannig a\u00f0 \u00fea\u00f0 \u00feurfi a\u00f0 vera til taks alltaf. \u00dea\u00f0 kallar svo \u00e1 a\u00f0 hafa n\u00e6gt starfsf\u00f3lk sem au\u00f0vita\u00f0 \u00feurfi a\u00f0st\u00f6\u00f0u fyrir og \u00fev\u00ed s\u00e9 erfitt a\u00f0 vera me\u00f0 litla einingu. Keli segir a\u00f0 \u00fea\u00f0 sem hafi einkennt fer\u00f0a\u00fej\u00f3nustu \u00ed sveitum landsins fyrir 20 til 25 \u00e1rum s\u00e9 n\u00fa li\u00f0in t\u00ed\u00f0. N\u00fa dugi ekki a\u00f0 reka fer\u00f0a\u00fej\u00f3nustu samhli\u00f0a b\u00faskap og einingin ver\u00f0i a\u00f0 vera \u00e1kve\u00f0i\u00f0 st\u00f3r til a\u00f0 st\u00e6r\u00f0arhagkv\u00e6mni n\u00e1ist fram. Telur hann a\u00f0 \u00ed raun megi \u00feessi st\u00e6kkun ekki vera seinna \u00e1 fer\u00f0inni.<\/p>\t\t\t\t\t\t\t\t<\/div>\n\t\t\t\t<\/div>\n\t\t\t\t\t<\/div>\n\t\t<\/div>\n\t\t\t\t\t<\/div>\n\t\t<\/section>\n\t\t\t\t<\/div>\n\t\t","protected":false},"excerpt":{"rendered":"<p>Styttist \u00ed a\u00f0 st\u00e6rra h\u00f3telr\u00fdmi ver\u00f0i teki\u00f0 \u00ed notkun \u00ed Langaholti Framkv\u00e6mdir vi\u00f0 st\u00e6kkun gistih\u00fassins a\u00f0 Langaholti \u00ed Sta\u00f0arsveit \u00e1 Sn\u00e6fellsnesi ganga vel. \u00deegar \u00feeim l\u00fdkur tv\u00f6faldast herbergjatalan, fer \u00far 20 \u00ed 40. N\u00fdju herbergin eru \u00f6ll tveggja manna me\u00f0 [&hellip;]<\/p>\n","protected":false},"author":1,"featured_media":2160,"comment_status":"closed","ping_status":"open","sticky":false,"template":"","format":"standard","meta":{"footnotes":""},"categories":[1],"tags":[],"class_list":["post-2157","post","type-post","status-publish","format-standard","has-post-thumbnail","hentry","category-uncategorized"],"yoast_head":"<!-- This site is optimized with the Yoast SEO plugin v27.5 - https:\/\/yoast.com\/product\/yoast-seo-wordpress\/ -->\n<title>Styttist \u00ed a\u00f0 st\u00e6rra h\u00f3telr\u00fdmi ver\u00f0i teki\u00f0 \u00ed notkun \u00ed Langaholti - Langaholt sveitah\u00f3tel<\/title>\n<meta name=\"robots\" content=\"index, follow, max-snippet:-1, max-image-preview:large, max-video-preview:-1\" \/>\n<link rel=\"canonical\" href=\"https:\/\/langaholt.is\/islenska\/styttist-i-ad-staerra-hotelrymi-verdi-tekid-i-notkun-i-langaholti\/\" \/>\n<meta property=\"og:locale\" content=\"is_IS\" \/>\n<meta property=\"og:type\" content=\"article\" \/>\n<meta property=\"og:title\" content=\"Styttist \u00ed a\u00f0 st\u00e6rra h\u00f3telr\u00fdmi ver\u00f0i teki\u00f0 \u00ed notkun \u00ed Langaholti - Langaholt sveitah\u00f3tel\" \/>\n<meta property=\"og:description\" content=\"Styttist \u00ed a\u00f0 st\u00e6rra h\u00f3telr\u00fdmi ver\u00f0i teki\u00f0 \u00ed notkun \u00ed Langaholti Framkv\u00e6mdir vi\u00f0 st\u00e6kkun gistih\u00fassins a\u00f0 Langaholti \u00ed Sta\u00f0arsveit \u00e1 Sn\u00e6fellsnesi ganga vel. \u00deegar \u00feeim l\u00fdkur tv\u00f6faldast herbergjatalan, fer \u00far 20 \u00ed 40. N\u00fdju herbergin eru \u00f6ll tveggja manna me\u00f0 [&hellip;]\" \/>\n<meta property=\"og:url\" content=\"https:\/\/langaholt.is\/islenska\/styttist-i-ad-staerra-hotelrymi-verdi-tekid-i-notkun-i-langaholti\/\" \/>\n<meta property=\"og:site_name\" content=\"Langaholt sveitah\u00f3tel\" \/>\n<meta property=\"article:publisher\" content=\"https:\/\/www.facebook.com\/langaholt\/\" \/>\n<meta property=\"article:published_time\" content=\"2016-11-09T10:15:00+00:00\" \/>\n<meta property=\"article:modified_time\" content=\"2020-04-24T10:19:14+00:00\" \/>\n<meta property=\"og:image\" content=\"https:\/\/langaholt.is\/islenska\/wp-content\/uploads\/2016\/11\/Styttist-\u00ed-a\u00f0-st\u00e6rra-h\u00f3telr\u00fdmi-ver\u00f0i-teki\u00f0-\u00ed-notkun-\u00ed-Langaholti-scaled.jpg\" \/>\n\t<meta property=\"og:image:width\" content=\"2560\" \/>\n\t<meta property=\"og:image:height\" content=\"1535\" \/>\n\t<meta property=\"og:image:type\" content=\"image\/jpeg\" \/>\n<meta name=\"author\" content=\"vefstjori\" \/>\n<meta name=\"twitter:card\" content=\"summary_large_image\" \/>\n<meta name=\"twitter:label1\" content=\"Written by\" \/>\n\t<meta name=\"twitter:data1\" content=\"vefstjori\" \/>\n\t<meta name=\"twitter:label2\" content=\"Est. reading time\" \/>\n\t<meta name=\"twitter:data2\" content=\"1 minute\" \/>\n<script type=\"application\/ld+json\" class=\"yoast-schema-graph\">{\"@context\":\"https:\\\/\\\/schema.org\",\"@graph\":[{\"@type\":\"Article\",\"@id\":\"https:\\\/\\\/langaholt.is\\\/islenska\\\/styttist-i-ad-staerra-hotelrymi-verdi-tekid-i-notkun-i-langaholti\\\/#article\",\"isPartOf\":{\"@id\":\"https:\\\/\\\/langaholt.is\\\/islenska\\\/styttist-i-ad-staerra-hotelrymi-verdi-tekid-i-notkun-i-langaholti\\\/\"},\"author\":{\"name\":\"vefstjori\",\"@id\":\"https:\\\/\\\/langaholt.is\\\/islenska\\\/#\\\/schema\\\/person\\\/ef9d2805fe68343f8150ec027ca9f880\"},\"headline\":\"Styttist \u00ed a\u00f0 st\u00e6rra h\u00f3telr\u00fdmi ver\u00f0i teki\u00f0 \u00ed notkun \u00ed Langaholti\",\"datePublished\":\"2016-11-09T10:15:00+00:00\",\"dateModified\":\"2020-04-24T10:19:14+00:00\",\"mainEntityOfPage\":{\"@id\":\"https:\\\/\\\/langaholt.is\\\/islenska\\\/styttist-i-ad-staerra-hotelrymi-verdi-tekid-i-notkun-i-langaholti\\\/\"},\"wordCount\":258,\"publisher\":{\"@id\":\"https:\\\/\\\/langaholt.is\\\/islenska\\\/#organization\"},\"image\":{\"@id\":\"https:\\\/\\\/langaholt.is\\\/islenska\\\/styttist-i-ad-staerra-hotelrymi-verdi-tekid-i-notkun-i-langaholti\\\/#primaryimage\"},\"thumbnailUrl\":\"https:\\\/\\\/langaholt.is\\\/islenska\\\/wp-content\\\/uploads\\\/2016\\\/11\\\/Styttist-\u00ed-a\u00f0-st\u00e6rra-h\u00f3telr\u00fdmi-ver\u00f0i-teki\u00f0-\u00ed-notkun-\u00ed-Langaholti-scaled.jpg\",\"articleSection\":[\"Uncategorized\"],\"inLanguage\":\"is\"},{\"@type\":\"WebPage\",\"@id\":\"https:\\\/\\\/langaholt.is\\\/islenska\\\/styttist-i-ad-staerra-hotelrymi-verdi-tekid-i-notkun-i-langaholti\\\/\",\"url\":\"https:\\\/\\\/langaholt.is\\\/islenska\\\/styttist-i-ad-staerra-hotelrymi-verdi-tekid-i-notkun-i-langaholti\\\/\",\"name\":\"Styttist \u00ed a\u00f0 st\u00e6rra h\u00f3telr\u00fdmi ver\u00f0i teki\u00f0 \u00ed notkun \u00ed Langaholti - Langaholt sveitah\u00f3tel\",\"isPartOf\":{\"@id\":\"https:\\\/\\\/langaholt.is\\\/islenska\\\/#website\"},\"primaryImageOfPage\":{\"@id\":\"https:\\\/\\\/langaholt.is\\\/islenska\\\/styttist-i-ad-staerra-hotelrymi-verdi-tekid-i-notkun-i-langaholti\\\/#primaryimage\"},\"image\":{\"@id\":\"https:\\\/\\\/langaholt.is\\\/islenska\\\/styttist-i-ad-staerra-hotelrymi-verdi-tekid-i-notkun-i-langaholti\\\/#primaryimage\"},\"thumbnailUrl\":\"https:\\\/\\\/langaholt.is\\\/islenska\\\/wp-content\\\/uploads\\\/2016\\\/11\\\/Styttist-\u00ed-a\u00f0-st\u00e6rra-h\u00f3telr\u00fdmi-ver\u00f0i-teki\u00f0-\u00ed-notkun-\u00ed-Langaholti-scaled.jpg\",\"datePublished\":\"2016-11-09T10:15:00+00:00\",\"dateModified\":\"2020-04-24T10:19:14+00:00\",\"breadcrumb\":{\"@id\":\"https:\\\/\\\/langaholt.is\\\/islenska\\\/styttist-i-ad-staerra-hotelrymi-verdi-tekid-i-notkun-i-langaholti\\\/#breadcrumb\"},\"inLanguage\":\"is\",\"potentialAction\":[{\"@type\":\"ReadAction\",\"target\":[\"https:\\\/\\\/langaholt.is\\\/islenska\\\/styttist-i-ad-staerra-hotelrymi-verdi-tekid-i-notkun-i-langaholti\\\/\"]}]},{\"@type\":\"ImageObject\",\"inLanguage\":\"is\",\"@id\":\"https:\\\/\\\/langaholt.is\\\/islenska\\\/styttist-i-ad-staerra-hotelrymi-verdi-tekid-i-notkun-i-langaholti\\\/#primaryimage\",\"url\":\"https:\\\/\\\/langaholt.is\\\/islenska\\\/wp-content\\\/uploads\\\/2016\\\/11\\\/Styttist-\u00ed-a\u00f0-st\u00e6rra-h\u00f3telr\u00fdmi-ver\u00f0i-teki\u00f0-\u00ed-notkun-\u00ed-Langaholti-scaled.jpg\",\"contentUrl\":\"https:\\\/\\\/langaholt.is\\\/islenska\\\/wp-content\\\/uploads\\\/2016\\\/11\\\/Styttist-\u00ed-a\u00f0-st\u00e6rra-h\u00f3telr\u00fdmi-ver\u00f0i-teki\u00f0-\u00ed-notkun-\u00ed-Langaholti-scaled.jpg\",\"width\":2560,\"height\":1535},{\"@type\":\"BreadcrumbList\",\"@id\":\"https:\\\/\\\/langaholt.is\\\/islenska\\\/styttist-i-ad-staerra-hotelrymi-verdi-tekid-i-notkun-i-langaholti\\\/#breadcrumb\",\"itemListElement\":[{\"@type\":\"ListItem\",\"position\":1,\"name\":\"Home\",\"item\":\"https:\\\/\\\/langaholt.is\\\/islenska\\\/\"},{\"@type\":\"ListItem\",\"position\":2,\"name\":\"Styttist \u00ed a\u00f0 st\u00e6rra h\u00f3telr\u00fdmi ver\u00f0i teki\u00f0 \u00ed notkun \u00ed Langaholti\"}]},{\"@type\":\"WebSite\",\"@id\":\"https:\\\/\\\/langaholt.is\\\/islenska\\\/#website\",\"url\":\"https:\\\/\\\/langaholt.is\\\/islenska\\\/\",\"name\":\"Langaholt Sveitah\u00f3tel\",\"description\":\"Ekta \u00edslensk sveitah\u00f3tel \u00e1 Sn\u00e6fellsnesinu\",\"publisher\":{\"@id\":\"https:\\\/\\\/langaholt.is\\\/islenska\\\/#organization\"},\"potentialAction\":[{\"@type\":\"SearchAction\",\"target\":{\"@type\":\"EntryPoint\",\"urlTemplate\":\"https:\\\/\\\/langaholt.is\\\/islenska\\\/?s={search_term_string}\"},\"query-input\":{\"@type\":\"PropertyValueSpecification\",\"valueRequired\":true,\"valueName\":\"search_term_string\"}}],\"inLanguage\":\"is\"},{\"@type\":\"Organization\",\"@id\":\"https:\\\/\\\/langaholt.is\\\/islenska\\\/#organization\",\"name\":\"Langaholt\",\"url\":\"https:\\\/\\\/langaholt.is\\\/islenska\\\/\",\"logo\":{\"@type\":\"ImageObject\",\"inLanguage\":\"is\",\"@id\":\"https:\\\/\\\/langaholt.is\\\/islenska\\\/#\\\/schema\\\/logo\\\/image\\\/\",\"url\":\"https:\\\/\\\/langaholt.is\\\/islenska\\\/wp-content\\\/uploads\\\/2020\\\/02\\\/Langaholt-logo-vefur.jpg\",\"contentUrl\":\"https:\\\/\\\/langaholt.is\\\/islenska\\\/wp-content\\\/uploads\\\/2020\\\/02\\\/Langaholt-logo-vefur.jpg\",\"width\":261,\"height\":85,\"caption\":\"Langaholt\"},\"image\":{\"@id\":\"https:\\\/\\\/langaholt.is\\\/islenska\\\/#\\\/schema\\\/logo\\\/image\\\/\"},\"sameAs\":[\"https:\\\/\\\/www.facebook.com\\\/langaholt\\\/\",\"https:\\\/\\\/www.instagram.com\\\/langaholt\\\/\"]},{\"@type\":\"Person\",\"@id\":\"https:\\\/\\\/langaholt.is\\\/islenska\\\/#\\\/schema\\\/person\\\/ef9d2805fe68343f8150ec027ca9f880\",\"name\":\"vefstjori\",\"image\":{\"@type\":\"ImageObject\",\"inLanguage\":\"is\",\"@id\":\"https:\\\/\\\/secure.gravatar.com\\\/avatar\\\/16d1d05549f8572442122902fcf2103164a064ed7f22b965bf6db151563e298c?s=96&d=mm&r=g\",\"url\":\"https:\\\/\\\/secure.gravatar.com\\\/avatar\\\/16d1d05549f8572442122902fcf2103164a064ed7f22b965bf6db151563e298c?s=96&d=mm&r=g\",\"contentUrl\":\"https:\\\/\\\/secure.gravatar.com\\\/avatar\\\/16d1d05549f8572442122902fcf2103164a064ed7f22b965bf6db151563e298c?s=96&d=mm&r=g\",\"caption\":\"vefstjori\"}}]}<\/script>\n<!-- \/ Yoast SEO plugin. -->","yoast_head_json":{"title":"Styttist \u00ed a\u00f0 st\u00e6rra h\u00f3telr\u00fdmi ver\u00f0i teki\u00f0 \u00ed notkun \u00ed Langaholti - Langaholt sveitah\u00f3tel","robots":{"index":"index","follow":"follow","max-snippet":"max-snippet:-1","max-image-preview":"max-image-preview:large","max-video-preview":"max-video-preview:-1"},"canonical":"https:\/\/langaholt.is\/islenska\/styttist-i-ad-staerra-hotelrymi-verdi-tekid-i-notkun-i-langaholti\/","og_locale":"is_IS","og_type":"article","og_title":"Styttist \u00ed a\u00f0 st\u00e6rra h\u00f3telr\u00fdmi ver\u00f0i teki\u00f0 \u00ed notkun \u00ed Langaholti - Langaholt sveitah\u00f3tel","og_description":"Styttist \u00ed a\u00f0 st\u00e6rra h\u00f3telr\u00fdmi ver\u00f0i teki\u00f0 \u00ed notkun \u00ed Langaholti Framkv\u00e6mdir vi\u00f0 st\u00e6kkun gistih\u00fassins a\u00f0 Langaholti \u00ed Sta\u00f0arsveit \u00e1 Sn\u00e6fellsnesi ganga vel. \u00deegar \u00feeim l\u00fdkur tv\u00f6faldast herbergjatalan, fer \u00far 20 \u00ed 40. N\u00fdju herbergin eru \u00f6ll tveggja manna me\u00f0 [&hellip;]","og_url":"https:\/\/langaholt.is\/islenska\/styttist-i-ad-staerra-hotelrymi-verdi-tekid-i-notkun-i-langaholti\/","og_site_name":"Langaholt sveitah\u00f3tel","article_publisher":"https:\/\/www.facebook.com\/langaholt\/","article_published_time":"2016-11-09T10:15:00+00:00","article_modified_time":"2020-04-24T10:19:14+00:00","og_image":[{"width":2560,"height":1535,"url":"https:\/\/langaholt.is\/islenska\/wp-content\/uploads\/2016\/11\/Styttist-\u00ed-a\u00f0-st\u00e6rra-h\u00f3telr\u00fdmi-ver\u00f0i-teki\u00f0-\u00ed-notkun-\u00ed-Langaholti-scaled.jpg","type":"image\/jpeg"}],"author":"vefstjori","twitter_card":"summary_large_image","twitter_misc":{"Written by":"vefstjori","Est. reading time":"1 minute"},"schema":{"@context":"https:\/\/schema.org","@graph":[{"@type":"Article","@id":"https:\/\/langaholt.is\/islenska\/styttist-i-ad-staerra-hotelrymi-verdi-tekid-i-notkun-i-langaholti\/#article","isPartOf":{"@id":"https:\/\/langaholt.is\/islenska\/styttist-i-ad-staerra-hotelrymi-verdi-tekid-i-notkun-i-langaholti\/"},"author":{"name":"vefstjori","@id":"https:\/\/langaholt.is\/islenska\/#\/schema\/person\/ef9d2805fe68343f8150ec027ca9f880"},"headline":"Styttist \u00ed a\u00f0 st\u00e6rra h\u00f3telr\u00fdmi ver\u00f0i teki\u00f0 \u00ed notkun \u00ed Langaholti","datePublished":"2016-11-09T10:15:00+00:00","dateModified":"2020-04-24T10:19:14+00:00","mainEntityOfPage":{"@id":"https:\/\/langaholt.is\/islenska\/styttist-i-ad-staerra-hotelrymi-verdi-tekid-i-notkun-i-langaholti\/"},"wordCount":258,"publisher":{"@id":"https:\/\/langaholt.is\/islenska\/#organization"},"image":{"@id":"https:\/\/langaholt.is\/islenska\/styttist-i-ad-staerra-hotelrymi-verdi-tekid-i-notkun-i-langaholti\/#primaryimage"},"thumbnailUrl":"https:\/\/langaholt.is\/islenska\/wp-content\/uploads\/2016\/11\/Styttist-\u00ed-a\u00f0-st\u00e6rra-h\u00f3telr\u00fdmi-ver\u00f0i-teki\u00f0-\u00ed-notkun-\u00ed-Langaholti-scaled.jpg","articleSection":["Uncategorized"],"inLanguage":"is"},{"@type":"WebPage","@id":"https:\/\/langaholt.is\/islenska\/styttist-i-ad-staerra-hotelrymi-verdi-tekid-i-notkun-i-langaholti\/","url":"https:\/\/langaholt.is\/islenska\/styttist-i-ad-staerra-hotelrymi-verdi-tekid-i-notkun-i-langaholti\/","name":"Styttist \u00ed a\u00f0 st\u00e6rra h\u00f3telr\u00fdmi ver\u00f0i teki\u00f0 \u00ed notkun \u00ed Langaholti - Langaholt sveitah\u00f3tel","isPartOf":{"@id":"https:\/\/langaholt.is\/islenska\/#website"},"primaryImageOfPage":{"@id":"https:\/\/langaholt.is\/islenska\/styttist-i-ad-staerra-hotelrymi-verdi-tekid-i-notkun-i-langaholti\/#primaryimage"},"image":{"@id":"https:\/\/langaholt.is\/islenska\/styttist-i-ad-staerra-hotelrymi-verdi-tekid-i-notkun-i-langaholti\/#primaryimage"},"thumbnailUrl":"https:\/\/langaholt.is\/islenska\/wp-content\/uploads\/2016\/11\/Styttist-\u00ed-a\u00f0-st\u00e6rra-h\u00f3telr\u00fdmi-ver\u00f0i-teki\u00f0-\u00ed-notkun-\u00ed-Langaholti-scaled.jpg","datePublished":"2016-11-09T10:15:00+00:00","dateModified":"2020-04-24T10:19:14+00:00","breadcrumb":{"@id":"https:\/\/langaholt.is\/islenska\/styttist-i-ad-staerra-hotelrymi-verdi-tekid-i-notkun-i-langaholti\/#breadcrumb"},"inLanguage":"is","potentialAction":[{"@type":"ReadAction","target":["https:\/\/langaholt.is\/islenska\/styttist-i-ad-staerra-hotelrymi-verdi-tekid-i-notkun-i-langaholti\/"]}]},{"@type":"ImageObject","inLanguage":"is","@id":"https:\/\/langaholt.is\/islenska\/styttist-i-ad-staerra-hotelrymi-verdi-tekid-i-notkun-i-langaholti\/#primaryimage","url":"https:\/\/langaholt.is\/islenska\/wp-content\/uploads\/2016\/11\/Styttist-\u00ed-a\u00f0-st\u00e6rra-h\u00f3telr\u00fdmi-ver\u00f0i-teki\u00f0-\u00ed-notkun-\u00ed-Langaholti-scaled.jpg","contentUrl":"https:\/\/langaholt.is\/islenska\/wp-content\/uploads\/2016\/11\/Styttist-\u00ed-a\u00f0-st\u00e6rra-h\u00f3telr\u00fdmi-ver\u00f0i-teki\u00f0-\u00ed-notkun-\u00ed-Langaholti-scaled.jpg","width":2560,"height":1535},{"@type":"BreadcrumbList","@id":"https:\/\/langaholt.is\/islenska\/styttist-i-ad-staerra-hotelrymi-verdi-tekid-i-notkun-i-langaholti\/#breadcrumb","itemListElement":[{"@type":"ListItem","position":1,"name":"Home","item":"https:\/\/langaholt.is\/islenska\/"},{"@type":"ListItem","position":2,"name":"Styttist \u00ed a\u00f0 st\u00e6rra h\u00f3telr\u00fdmi ver\u00f0i teki\u00f0 \u00ed notkun \u00ed Langaholti"}]},{"@type":"WebSite","@id":"https:\/\/langaholt.is\/islenska\/#website","url":"https:\/\/langaholt.is\/islenska\/","name":"Langaholt Sveitah\u00f3tel","description":"Ekta \u00edslensk sveitah\u00f3tel \u00e1 Sn\u00e6fellsnesinu","publisher":{"@id":"https:\/\/langaholt.is\/islenska\/#organization"},"potentialAction":[{"@type":"SearchAction","target":{"@type":"EntryPoint","urlTemplate":"https:\/\/langaholt.is\/islenska\/?s={search_term_string}"},"query-input":{"@type":"PropertyValueSpecification","valueRequired":true,"valueName":"search_term_string"}}],"inLanguage":"is"},{"@type":"Organization","@id":"https:\/\/langaholt.is\/islenska\/#organization","name":"Langaholt","url":"https:\/\/langaholt.is\/islenska\/","logo":{"@type":"ImageObject","inLanguage":"is","@id":"https:\/\/langaholt.is\/islenska\/#\/schema\/logo\/image\/","url":"https:\/\/langaholt.is\/islenska\/wp-content\/uploads\/2020\/02\/Langaholt-logo-vefur.jpg","contentUrl":"https:\/\/langaholt.is\/islenska\/wp-content\/uploads\/2020\/02\/Langaholt-logo-vefur.jpg","width":261,"height":85,"caption":"Langaholt"},"image":{"@id":"https:\/\/langaholt.is\/islenska\/#\/schema\/logo\/image\/"},"sameAs":["https:\/\/www.facebook.com\/langaholt\/","https:\/\/www.instagram.com\/langaholt\/"]},{"@type":"Person","@id":"https:\/\/langaholt.is\/islenska\/#\/schema\/person\/ef9d2805fe68343f8150ec027ca9f880","name":"vefstjori","image":{"@type":"ImageObject","inLanguage":"is","@id":"https:\/\/secure.gravatar.com\/avatar\/16d1d05549f8572442122902fcf2103164a064ed7f22b965bf6db151563e298c?s=96&d=mm&r=g","url":"https:\/\/secure.gravatar.com\/avatar\/16d1d05549f8572442122902fcf2103164a064ed7f22b965bf6db151563e298c?s=96&d=mm&r=g","contentUrl":"https:\/\/secure.gravatar.com\/avatar\/16d1d05549f8572442122902fcf2103164a064ed7f22b965bf6db151563e298c?s=96&d=mm&r=g","caption":"vefstjori"}}]}},"_links":{"self":[{"href":"https:\/\/langaholt.is\/islenska\/wp-json\/wp\/v2\/posts\/2157","targetHints":{"allow":["GET"]}}],"collection":[{"href":"https:\/\/langaholt.is\/islenska\/wp-json\/wp\/v2\/posts"}],"about":[{"href":"https:\/\/langaholt.is\/islenska\/wp-json\/wp\/v2\/types\/post"}],"author":[{"embeddable":true,"href":"https:\/\/langaholt.is\/islenska\/wp-json\/wp\/v2\/users\/1"}],"replies":[{"embeddable":true,"href":"https:\/\/langaholt.is\/islenska\/wp-json\/wp\/v2\/comments?post=2157"}],"version-history":[{"count":3,"href":"https:\/\/langaholt.is\/islenska\/wp-json\/wp\/v2\/posts\/2157\/revisions"}],"predecessor-version":[{"id":2161,"href":"https:\/\/langaholt.is\/islenska\/wp-json\/wp\/v2\/posts\/2157\/revisions\/2161"}],"wp:featuredmedia":[{"embeddable":true,"href":"https:\/\/langaholt.is\/islenska\/wp-json\/wp\/v2\/media\/2160"}],"wp:attachment":[{"href":"https:\/\/langaholt.is\/islenska\/wp-json\/wp\/v2\/media?parent=2157"}],"wp:term":[{"taxonomy":"category","embeddable":true,"href":"https:\/\/langaholt.is\/islenska\/wp-json\/wp\/v2\/categories?post=2157"},{"taxonomy":"post_tag","embeddable":true,"href":"https:\/\/langaholt.is\/islenska\/wp-json\/wp\/v2\/tags?post=2157"}],"curies":[{"name":"wp","href":"https:\/\/api.w.org\/{rel}","templated":true}]}}