{"id":2175,"date":"2019-11-19T10:32:04","date_gmt":"2019-11-19T10:32:04","guid":{"rendered":"https:\/\/langaholt.is\/islenska\/?p=2175"},"modified":"2020-04-24T10:35:36","modified_gmt":"2020-04-24T10:35:36","slug":"matreidum-helst-ekkert-ur-pokkum-eda-dosum","status":"publish","type":"post","link":"https:\/\/langaholt.is\/islenska\/matreidum-helst-ekkert-ur-pokkum-eda-dosum\/","title":{"rendered":"Matrei\u00f0um helst ekkert \u00far p\u00f6kkum e\u00f0a d\u00f3sum"},"content":{"rendered":"\t\t<div data-elementor-type=\"wp-post\" data-elementor-id=\"2175\" class=\"elementor elementor-2175\">\n\t\t\t\t\t\t<section class=\"elementor-section elementor-top-section elementor-element elementor-element-2c85094 elementor-section-boxed elementor-section-height-default elementor-section-height-default\" data-id=\"2c85094\" data-element_type=\"section\" data-e-type=\"section\" data-settings=\"{&quot;hoteller_ext_is_background_parallax&quot;:&quot;false&quot;,&quot;hoteller_ext_is_background_on_scroll&quot;:&quot;false&quot;}\">\n\t\t\t\t\t\t<div class=\"elementor-container elementor-column-gap-default\">\n\t\t\t\t\t<div class=\"elementor-column elementor-col-100 elementor-top-column elementor-element elementor-element-30316df\" data-id=\"30316df\" data-element_type=\"column\" data-e-type=\"column\" data-settings=\"{&quot;hoteller_ext_link_sidemenu&quot;:&quot;false&quot;,&quot;hoteller_ext_link_fullmenu&quot;:&quot;false&quot;,&quot;hoteller_ext_link_closed_fullmenu&quot;:&quot;false&quot;,&quot;hoteller_ext_is_scrollme&quot;:&quot;false&quot;,&quot;hoteller_ext_is_smoove&quot;:&quot;false&quot;,&quot;hoteller_ext_is_parallax_mouse&quot;:&quot;false&quot;,&quot;hoteller_ext_is_infinite&quot;:&quot;false&quot;,&quot;hoteller_ext_is_fadeout_animation&quot;:&quot;false&quot;,&quot;hoteller_ext_mobile_static&quot;:&quot;false&quot;}\">\n\t\t\t<div class=\"elementor-widget-wrap elementor-element-populated\">\n\t\t\t\t\t\t<div class=\"elementor-element elementor-element-cd7277a elementor-widget elementor-widget-heading\" data-id=\"cd7277a\" data-element_type=\"widget\" data-e-type=\"widget\" data-settings=\"{&quot;hoteller_ext_link_sidemenu&quot;:&quot;false&quot;,&quot;hoteller_ext_link_fullmenu&quot;:&quot;false&quot;,&quot;hoteller_ext_link_closed_fullmenu&quot;:&quot;false&quot;,&quot;hoteller_ext_is_scrollme&quot;:&quot;false&quot;,&quot;hoteller_ext_is_smoove&quot;:&quot;false&quot;,&quot;hoteller_ext_is_parallax_mouse&quot;:&quot;false&quot;,&quot;hoteller_ext_is_infinite&quot;:&quot;false&quot;,&quot;hoteller_ext_is_fadeout_animation&quot;:&quot;false&quot;,&quot;hoteller_ext_mobile_static&quot;:&quot;false&quot;}\" data-widget_type=\"heading.default\">\n\t\t\t\t<div class=\"elementor-widget-container\">\n\t\t\t\t\t<h2 class=\"elementor-heading-title elementor-size-default\">Matrei\u00f0um helst ekkert \u00far p\u00f6kkum e\u00f0a d\u00f3sum<\/h2>\t\t\t\t<\/div>\n\t\t\t\t<\/div>\n\t\t\t\t<div class=\"elementor-element elementor-element-dffdbbb elementor-widget elementor-widget-spacer\" data-id=\"dffdbbb\" data-element_type=\"widget\" data-e-type=\"widget\" data-settings=\"{&quot;hoteller_ext_link_sidemenu&quot;:&quot;false&quot;,&quot;hoteller_ext_link_fullmenu&quot;:&quot;false&quot;,&quot;hoteller_ext_link_closed_fullmenu&quot;:&quot;false&quot;,&quot;hoteller_ext_is_scrollme&quot;:&quot;false&quot;,&quot;hoteller_ext_is_smoove&quot;:&quot;false&quot;,&quot;hoteller_ext_is_parallax_mouse&quot;:&quot;false&quot;,&quot;hoteller_ext_is_infinite&quot;:&quot;false&quot;,&quot;hoteller_ext_is_fadeout_animation&quot;:&quot;false&quot;,&quot;hoteller_ext_mobile_static&quot;:&quot;false&quot;}\" data-widget_type=\"spacer.default\">\n\t\t\t\t<div class=\"elementor-widget-container\">\n\t\t\t\t\t\t\t<div class=\"elementor-spacer\">\n\t\t\t<div class=\"elementor-spacer-inner\"><\/div>\n\t\t<\/div>\n\t\t\t\t\t\t<\/div>\n\t\t\t\t<\/div>\n\t\t\t\t<div class=\"elementor-element elementor-element-c904386 elementor-widget elementor-widget-heading\" data-id=\"c904386\" data-element_type=\"widget\" data-e-type=\"widget\" data-settings=\"{&quot;hoteller_ext_link_sidemenu&quot;:&quot;false&quot;,&quot;hoteller_ext_link_fullmenu&quot;:&quot;false&quot;,&quot;hoteller_ext_link_closed_fullmenu&quot;:&quot;false&quot;,&quot;hoteller_ext_is_scrollme&quot;:&quot;false&quot;,&quot;hoteller_ext_is_smoove&quot;:&quot;false&quot;,&quot;hoteller_ext_is_parallax_mouse&quot;:&quot;false&quot;,&quot;hoteller_ext_is_infinite&quot;:&quot;false&quot;,&quot;hoteller_ext_is_fadeout_animation&quot;:&quot;false&quot;,&quot;hoteller_ext_mobile_static&quot;:&quot;false&quot;}\" data-widget_type=\"heading.default\">\n\t\t\t\t<div class=\"elementor-widget-container\">\n\t\t\t\t\t<h3 class=\"elementor-heading-title elementor-size-default\">Sveitamennskan er styrkleiki Langaholts \u00ed Sta\u00f0arsveit<\/h3>\t\t\t\t<\/div>\n\t\t\t\t<\/div>\n\t\t\t\t\t<\/div>\n\t\t<\/div>\n\t\t\t\t\t<\/div>\n\t\t<\/section>\n\t\t\t\t<section class=\"elementor-section elementor-top-section elementor-element elementor-element-1aef701 elementor-section-boxed elementor-section-height-default elementor-section-height-default\" data-id=\"1aef701\" data-element_type=\"section\" data-e-type=\"section\" data-settings=\"{&quot;hoteller_ext_is_background_parallax&quot;:&quot;false&quot;,&quot;hoteller_ext_is_background_on_scroll&quot;:&quot;false&quot;}\">\n\t\t\t\t\t\t<div class=\"elementor-container elementor-column-gap-default\">\n\t\t\t\t\t<div class=\"elementor-column elementor-col-100 elementor-top-column elementor-element elementor-element-32ae41e\" data-id=\"32ae41e\" data-element_type=\"column\" data-e-type=\"column\" data-settings=\"{&quot;hoteller_ext_link_sidemenu&quot;:&quot;false&quot;,&quot;hoteller_ext_link_fullmenu&quot;:&quot;false&quot;,&quot;hoteller_ext_link_closed_fullmenu&quot;:&quot;false&quot;,&quot;hoteller_ext_is_scrollme&quot;:&quot;false&quot;,&quot;hoteller_ext_is_smoove&quot;:&quot;false&quot;,&quot;hoteller_ext_is_parallax_mouse&quot;:&quot;false&quot;,&quot;hoteller_ext_is_infinite&quot;:&quot;false&quot;,&quot;hoteller_ext_is_fadeout_animation&quot;:&quot;false&quot;,&quot;hoteller_ext_mobile_static&quot;:&quot;false&quot;}\">\n\t\t\t<div class=\"elementor-widget-wrap elementor-element-populated\">\n\t\t\t\t\t\t<div class=\"elementor-element elementor-element-973a0b7 elementor-widget elementor-widget-text-editor\" data-id=\"973a0b7\" data-element_type=\"widget\" data-e-type=\"widget\" data-settings=\"{&quot;hoteller_ext_link_sidemenu&quot;:&quot;false&quot;,&quot;hoteller_ext_link_fullmenu&quot;:&quot;false&quot;,&quot;hoteller_ext_link_closed_fullmenu&quot;:&quot;false&quot;,&quot;hoteller_ext_is_scrollme&quot;:&quot;false&quot;,&quot;hoteller_ext_is_smoove&quot;:&quot;false&quot;,&quot;hoteller_ext_is_parallax_mouse&quot;:&quot;false&quot;,&quot;hoteller_ext_is_infinite&quot;:&quot;false&quot;,&quot;hoteller_ext_is_fadeout_animation&quot;:&quot;false&quot;,&quot;hoteller_ext_mobile_static&quot;:&quot;false&quot;}\" data-widget_type=\"text-editor.default\">\n\t\t\t\t<div class=\"elementor-widget-container\">\n\t\t\t\t\t\t\t\t\t<p>Langaholt er eitt af \u00feessum st\u00f3ru n\u00f6fnum \u00ed fer\u00f0a\u00fej\u00f3nustunni \u00e1 Vesturlandi. Langaholt er veitingasta\u00f0ur og h\u00f3tel \u00e1 b\u00e6num G\u00f6r\u00f0um \u00ed Sta\u00f0arsveit og \u00fear bjuggu \u00feau Svava Gu\u00f0mundsd\u00f3ttir og S\u00edmon Sigurmonsson me\u00f0 k\u00fdr og kindur framan af. \u00c1ri\u00f0 1978 s\u00f6\u00f0la \u00feau um og f\u00e6r\u00f0u sig yfir \u00ed fer\u00f0a\u00fej\u00f3nustu og voru \u00feau hj\u00f3nin eigendur hlutabr\u00e9fs nr. 2 \u00ed Fer\u00f0a\u00fej\u00f3nustu b\u00e6nda. Sannkalla\u00f0ir frumkv\u00f6\u00f0lar \u00ed fer\u00f0a\u00fej\u00f3nustu. \u00deorkell sonur \u00feeirra, oft kalla\u00f0ur Keli vert, t\u00f3k vi\u00f0 af \u00feeim \u00e1ri\u00f0 2006 og \u00ed dag rekur hann sta\u00f0inn \u00e1samt konunni sinni henni R\u00fanu.<\/p><p>Keli segir a\u00f0 sveitamennskan s\u00e9 \u00feeirra styrkleiki. \u201eVi\u00f0 erum bara \u00ed raun a\u00f0 gera \u00fea\u00f0 sama og mamma ger\u00f0i h\u00e9r \u00e1\u00f0ur og \u00fe\u00f3tti e\u00f0lilegt. Nota hr\u00e1efni \u00far h\u00e9ra\u00f0i og vinna sj\u00e1lf allt \u00fea\u00f0 sem vi\u00f0 getum. \u00dea\u00f0 er eiginlega \u00f3fr\u00e1v\u00edkjanleg stefna a\u00f0 af\u00feakka allt tilb\u00fai\u00f0 \u00feegar vi\u00f0 kaupum inn. Vi\u00f0 h\u00f6fum a\u00f0gang a\u00f0 besta hr\u00e1efni \u00ed heimi, vi\u00f0 reynum svo bara a\u00f0 skemma \u00fea\u00f0 ekki,\u201c segir hann og brosir. \u00a0\u201eVi\u00f0 viljum helst a\u00f0 ekkert hr\u00e1efni komi \u00far pakka e\u00f0a dollu. Vi\u00f0 reynum a\u00f0 gera \u00feetta allt sj\u00e1lf.\u201c Og \u00fear situr R\u00fana ekki au\u00f0um h\u00f6ndum. Morgunver\u00f0arhla\u00f0bor\u00f0i\u00f0 \u00ed Langaholti svignar undan kr\u00e6singum \u00e1 bor\u00f0 vi\u00f0 grafinn kola, marenera\u00f0a l\u00fa\u00f0u, lummur, r\u00fallupylsu, r\u00fagbrau\u00f0, s\u00fdr\u00f3p, pest\u00f3, sultur, heitreyktar fiskik\u00e6fur og fleira heimagert g\u00f3\u00f0g\u00e6ti.<\/p><p>\u201eVi\u00f0 h\u00f6fum \u00fea\u00f0 framyfir st\u00f3rar ke\u00f0jur \u00ed fer\u00f0a\u00fej\u00f3nustu a\u00f0 skapa okkar eigin karakter. H\u00e9r gerum vi\u00f0 \u00fea\u00f0 sem okkur langar og \u00f3vart erum vi\u00f0 a\u00f0 bj\u00f3\u00f0a upp \u00e1 einstaka upplifun \u00ed lei\u00f0inni. \u00dea\u00f0 sem okkur \u00feykir vera hversdagslegt \u00fearf alls ekki a\u00f0 vera \u00fea\u00f0 \u00ed augum gesta,\u201c segir Keli. En fyrir stuttu heims\u00f3ttu \u00feau erlend hj\u00f3n sem b\u00e1\u00f0u um a\u00f0 f\u00e1 a\u00f0 eiga matse\u00f0ilinn. \u00deau h\u00f6f\u00f0u \u00fe\u00e1 komi\u00f0 fyrir nokkrum \u00e1rum, dvali\u00f0 \u00ed Langaholti og or\u00f0i\u00f0 svo hrifin a\u00f0 \u00feau fengu a\u00f0 eiga matse\u00f0ilinn. Hann var s\u00ed\u00f0an hengdur upp \u00e1 eldh\u00fasvegg \u00ed heimalandinu og n\u00fa vildu \u00feau b\u00e6ta vi\u00f0 n\u00fdjum. \u00dea\u00f0 segir meira en m\u00f6rg or\u00f0.<\/p><p>Keli og R\u00fana eru dugleg a\u00f0 halda vi\u00f0bur\u00f0i yfir vetrarm\u00e1nu\u00f0ina. \u00deau standa fyrir t\u00f3nlistarh\u00e1t\u00ed\u00f0inni Durgi um p\u00e1ska, villibr\u00e1\u00f0arkv\u00f6ldi og bj\u00fagnaveislu a\u00f0 hausti og eru n\u00fa a\u00f0 endurvekja vins\u00e6lu fiskihla\u00f0bor\u00f0in. \u201eVillibr\u00e1\u00f0akv\u00f6ldi\u00f0 er samansafn af \u00f6llum \u00feeim kvikindum sem mitt f\u00f3lk n\u00e6r a\u00f0 drepa \u00ed hvert skipti. Svartfugl, g\u00e6s, bleikja og fleira. Hreind\u00fdr ef einhver \u00far vinah\u00f3pnum fer \u00e1 sl\u00edkar vei\u00f0ar, annars ekki,\u201c segir Keli \u201eFiskihla\u00f0bor\u00f0i\u00f0 er s\u00ed\u00f0an fr\u00e1 m\u00f6mmu komi\u00f0. \u00de\u00e1 var kv\u00f6ldmaturinn bara afgreiddur svona. Vi\u00f0 miklar vins\u00e6ldir. N\u00fana langar okkur a\u00f0 pr\u00f3fa \u00feetta einu sinni \u00ed viku, \u00e1 laugard\u00f6gum. T\u00e6knin vinnur l\u00edka me\u00f0 okkur. N\u00fa getum vi\u00f0 be\u00f0i\u00f0 f\u00f3lk um a\u00f0 b\u00f3ka \u00e1 netinu \u00e1\u00f0ur. \u00dea\u00f0 breytir forsendum og au\u00f0veldar allt utanumhald,\u201c segir Keli a\u00f0 lokum.<\/p>\t\t\t\t\t\t\t\t<\/div>\n\t\t\t\t<\/div>\n\t\t\t\t\t<\/div>\n\t\t<\/div>\n\t\t\t\t\t<\/div>\n\t\t<\/section>\n\t\t\t\t<\/div>\n\t\t","protected":false},"excerpt":{"rendered":"<p>Matrei\u00f0um helst ekkert \u00far p\u00f6kkum e\u00f0a d\u00f3sum Sveitamennskan er styrkleiki Langaholts \u00ed Sta\u00f0arsveit Langaholt er eitt af \u00feessum st\u00f3ru n\u00f6fnum \u00ed fer\u00f0a\u00fej\u00f3nustunni \u00e1 Vesturlandi. Langaholt er veitingasta\u00f0ur og h\u00f3tel \u00e1 b\u00e6num G\u00f6r\u00f0um \u00ed Sta\u00f0arsveit og \u00fear bjuggu \u00feau Svava Gu\u00f0mundsd\u00f3ttir [&hellip;]<\/p>\n","protected":false},"author":1,"featured_media":2176,"comment_status":"closed","ping_status":"open","sticky":false,"template":"","format":"standard","meta":{"footnotes":""},"categories":[1],"tags":[],"class_list":["post-2175","post","type-post","status-publish","format-standard","has-post-thumbnail","hentry","category-uncategorized"],"yoast_head":"<!-- This site is optimized with the Yoast SEO plugin v27.5 - https:\/\/yoast.com\/product\/yoast-seo-wordpress\/ -->\n<title>Matrei\u00f0um helst ekkert \u00far p\u00f6kkum e\u00f0a d\u00f3sum - Langaholt sveitah\u00f3tel<\/title>\n<meta name=\"robots\" content=\"index, follow, max-snippet:-1, max-image-preview:large, max-video-preview:-1\" \/>\n<link rel=\"canonical\" href=\"https:\/\/langaholt.is\/islenska\/matreidum-helst-ekkert-ur-pokkum-eda-dosum\/\" \/>\n<meta property=\"og:locale\" content=\"is_IS\" \/>\n<meta property=\"og:type\" content=\"article\" \/>\n<meta property=\"og:title\" content=\"Matrei\u00f0um helst ekkert \u00far p\u00f6kkum e\u00f0a d\u00f3sum - Langaholt sveitah\u00f3tel\" \/>\n<meta property=\"og:description\" content=\"Matrei\u00f0um helst ekkert \u00far p\u00f6kkum e\u00f0a d\u00f3sum Sveitamennskan er styrkleiki Langaholts \u00ed Sta\u00f0arsveit Langaholt er eitt af \u00feessum st\u00f3ru n\u00f6fnum \u00ed fer\u00f0a\u00fej\u00f3nustunni \u00e1 Vesturlandi. Langaholt er veitingasta\u00f0ur og h\u00f3tel \u00e1 b\u00e6num G\u00f6r\u00f0um \u00ed Sta\u00f0arsveit og \u00fear bjuggu \u00feau Svava Gu\u00f0mundsd\u00f3ttir [&hellip;]\" \/>\n<meta property=\"og:url\" content=\"https:\/\/langaholt.is\/islenska\/matreidum-helst-ekkert-ur-pokkum-eda-dosum\/\" \/>\n<meta property=\"og:site_name\" content=\"Langaholt sveitah\u00f3tel\" \/>\n<meta property=\"article:publisher\" content=\"https:\/\/www.facebook.com\/langaholt\/\" \/>\n<meta property=\"article:published_time\" content=\"2019-11-19T10:32:04+00:00\" \/>\n<meta property=\"article:modified_time\" content=\"2020-04-24T10:35:36+00:00\" \/>\n<meta property=\"og:image\" content=\"https:\/\/langaholt.is\/islenska\/wp-content\/uploads\/2020\/04\/Vi\u00f0tal-Langaholt-loki\u00f0_2-scaled.jpg\" \/>\n\t<meta property=\"og:image:width\" content=\"2560\" \/>\n\t<meta property=\"og:image:height\" content=\"1707\" \/>\n\t<meta property=\"og:image:type\" content=\"image\/jpeg\" \/>\n<meta name=\"author\" content=\"vefstjori\" \/>\n<meta name=\"twitter:card\" content=\"summary_large_image\" \/>\n<meta name=\"twitter:label1\" content=\"Written by\" \/>\n\t<meta name=\"twitter:data1\" content=\"vefstjori\" \/>\n\t<meta name=\"twitter:label2\" content=\"Est. reading time\" \/>\n\t<meta name=\"twitter:data2\" content=\"3 minutes\" \/>\n<script type=\"application\/ld+json\" class=\"yoast-schema-graph\">{\"@context\":\"https:\\\/\\\/schema.org\",\"@graph\":[{\"@type\":\"Article\",\"@id\":\"https:\\\/\\\/langaholt.is\\\/islenska\\\/matreidum-helst-ekkert-ur-pokkum-eda-dosum\\\/#article\",\"isPartOf\":{\"@id\":\"https:\\\/\\\/langaholt.is\\\/islenska\\\/matreidum-helst-ekkert-ur-pokkum-eda-dosum\\\/\"},\"author\":{\"name\":\"vefstjori\",\"@id\":\"https:\\\/\\\/langaholt.is\\\/islenska\\\/#\\\/schema\\\/person\\\/ef9d2805fe68343f8150ec027ca9f880\"},\"headline\":\"Matrei\u00f0um helst ekkert \u00far p\u00f6kkum e\u00f0a d\u00f3sum\",\"datePublished\":\"2019-11-19T10:32:04+00:00\",\"dateModified\":\"2020-04-24T10:35:36+00:00\",\"mainEntityOfPage\":{\"@id\":\"https:\\\/\\\/langaholt.is\\\/islenska\\\/matreidum-helst-ekkert-ur-pokkum-eda-dosum\\\/\"},\"wordCount\":557,\"publisher\":{\"@id\":\"https:\\\/\\\/langaholt.is\\\/islenska\\\/#organization\"},\"image\":{\"@id\":\"https:\\\/\\\/langaholt.is\\\/islenska\\\/matreidum-helst-ekkert-ur-pokkum-eda-dosum\\\/#primaryimage\"},\"thumbnailUrl\":\"https:\\\/\\\/langaholt.is\\\/islenska\\\/wp-content\\\/uploads\\\/2020\\\/04\\\/Vi\u00f0tal-Langaholt-loki\u00f0_2-scaled.jpg\",\"articleSection\":[\"Uncategorized\"],\"inLanguage\":\"is\"},{\"@type\":\"WebPage\",\"@id\":\"https:\\\/\\\/langaholt.is\\\/islenska\\\/matreidum-helst-ekkert-ur-pokkum-eda-dosum\\\/\",\"url\":\"https:\\\/\\\/langaholt.is\\\/islenska\\\/matreidum-helst-ekkert-ur-pokkum-eda-dosum\\\/\",\"name\":\"Matrei\u00f0um helst ekkert \u00far p\u00f6kkum e\u00f0a d\u00f3sum - Langaholt sveitah\u00f3tel\",\"isPartOf\":{\"@id\":\"https:\\\/\\\/langaholt.is\\\/islenska\\\/#website\"},\"primaryImageOfPage\":{\"@id\":\"https:\\\/\\\/langaholt.is\\\/islenska\\\/matreidum-helst-ekkert-ur-pokkum-eda-dosum\\\/#primaryimage\"},\"image\":{\"@id\":\"https:\\\/\\\/langaholt.is\\\/islenska\\\/matreidum-helst-ekkert-ur-pokkum-eda-dosum\\\/#primaryimage\"},\"thumbnailUrl\":\"https:\\\/\\\/langaholt.is\\\/islenska\\\/wp-content\\\/uploads\\\/2020\\\/04\\\/Vi\u00f0tal-Langaholt-loki\u00f0_2-scaled.jpg\",\"datePublished\":\"2019-11-19T10:32:04+00:00\",\"dateModified\":\"2020-04-24T10:35:36+00:00\",\"breadcrumb\":{\"@id\":\"https:\\\/\\\/langaholt.is\\\/islenska\\\/matreidum-helst-ekkert-ur-pokkum-eda-dosum\\\/#breadcrumb\"},\"inLanguage\":\"is\",\"potentialAction\":[{\"@type\":\"ReadAction\",\"target\":[\"https:\\\/\\\/langaholt.is\\\/islenska\\\/matreidum-helst-ekkert-ur-pokkum-eda-dosum\\\/\"]}]},{\"@type\":\"ImageObject\",\"inLanguage\":\"is\",\"@id\":\"https:\\\/\\\/langaholt.is\\\/islenska\\\/matreidum-helst-ekkert-ur-pokkum-eda-dosum\\\/#primaryimage\",\"url\":\"https:\\\/\\\/langaholt.is\\\/islenska\\\/wp-content\\\/uploads\\\/2020\\\/04\\\/Vi\u00f0tal-Langaholt-loki\u00f0_2-scaled.jpg\",\"contentUrl\":\"https:\\\/\\\/langaholt.is\\\/islenska\\\/wp-content\\\/uploads\\\/2020\\\/04\\\/Vi\u00f0tal-Langaholt-loki\u00f0_2-scaled.jpg\",\"width\":2560,\"height\":1707},{\"@type\":\"BreadcrumbList\",\"@id\":\"https:\\\/\\\/langaholt.is\\\/islenska\\\/matreidum-helst-ekkert-ur-pokkum-eda-dosum\\\/#breadcrumb\",\"itemListElement\":[{\"@type\":\"ListItem\",\"position\":1,\"name\":\"Home\",\"item\":\"https:\\\/\\\/langaholt.is\\\/islenska\\\/\"},{\"@type\":\"ListItem\",\"position\":2,\"name\":\"Matrei\u00f0um helst ekkert \u00far p\u00f6kkum e\u00f0a d\u00f3sum\"}]},{\"@type\":\"WebSite\",\"@id\":\"https:\\\/\\\/langaholt.is\\\/islenska\\\/#website\",\"url\":\"https:\\\/\\\/langaholt.is\\\/islenska\\\/\",\"name\":\"Langaholt Sveitah\u00f3tel\",\"description\":\"Ekta \u00edslensk sveitah\u00f3tel \u00e1 Sn\u00e6fellsnesinu\",\"publisher\":{\"@id\":\"https:\\\/\\\/langaholt.is\\\/islenska\\\/#organization\"},\"potentialAction\":[{\"@type\":\"SearchAction\",\"target\":{\"@type\":\"EntryPoint\",\"urlTemplate\":\"https:\\\/\\\/langaholt.is\\\/islenska\\\/?s={search_term_string}\"},\"query-input\":{\"@type\":\"PropertyValueSpecification\",\"valueRequired\":true,\"valueName\":\"search_term_string\"}}],\"inLanguage\":\"is\"},{\"@type\":\"Organization\",\"@id\":\"https:\\\/\\\/langaholt.is\\\/islenska\\\/#organization\",\"name\":\"Langaholt\",\"url\":\"https:\\\/\\\/langaholt.is\\\/islenska\\\/\",\"logo\":{\"@type\":\"ImageObject\",\"inLanguage\":\"is\",\"@id\":\"https:\\\/\\\/langaholt.is\\\/islenska\\\/#\\\/schema\\\/logo\\\/image\\\/\",\"url\":\"https:\\\/\\\/langaholt.is\\\/islenska\\\/wp-content\\\/uploads\\\/2020\\\/02\\\/Langaholt-logo-vefur.jpg\",\"contentUrl\":\"https:\\\/\\\/langaholt.is\\\/islenska\\\/wp-content\\\/uploads\\\/2020\\\/02\\\/Langaholt-logo-vefur.jpg\",\"width\":261,\"height\":85,\"caption\":\"Langaholt\"},\"image\":{\"@id\":\"https:\\\/\\\/langaholt.is\\\/islenska\\\/#\\\/schema\\\/logo\\\/image\\\/\"},\"sameAs\":[\"https:\\\/\\\/www.facebook.com\\\/langaholt\\\/\",\"https:\\\/\\\/www.instagram.com\\\/langaholt\\\/\"]},{\"@type\":\"Person\",\"@id\":\"https:\\\/\\\/langaholt.is\\\/islenska\\\/#\\\/schema\\\/person\\\/ef9d2805fe68343f8150ec027ca9f880\",\"name\":\"vefstjori\",\"image\":{\"@type\":\"ImageObject\",\"inLanguage\":\"is\",\"@id\":\"https:\\\/\\\/secure.gravatar.com\\\/avatar\\\/16d1d05549f8572442122902fcf2103164a064ed7f22b965bf6db151563e298c?s=96&d=mm&r=g\",\"url\":\"https:\\\/\\\/secure.gravatar.com\\\/avatar\\\/16d1d05549f8572442122902fcf2103164a064ed7f22b965bf6db151563e298c?s=96&d=mm&r=g\",\"contentUrl\":\"https:\\\/\\\/secure.gravatar.com\\\/avatar\\\/16d1d05549f8572442122902fcf2103164a064ed7f22b965bf6db151563e298c?s=96&d=mm&r=g\",\"caption\":\"vefstjori\"}}]}<\/script>\n<!-- \/ Yoast SEO plugin. -->","yoast_head_json":{"title":"Matrei\u00f0um helst ekkert \u00far p\u00f6kkum e\u00f0a d\u00f3sum - Langaholt sveitah\u00f3tel","robots":{"index":"index","follow":"follow","max-snippet":"max-snippet:-1","max-image-preview":"max-image-preview:large","max-video-preview":"max-video-preview:-1"},"canonical":"https:\/\/langaholt.is\/islenska\/matreidum-helst-ekkert-ur-pokkum-eda-dosum\/","og_locale":"is_IS","og_type":"article","og_title":"Matrei\u00f0um helst ekkert \u00far p\u00f6kkum e\u00f0a d\u00f3sum - Langaholt sveitah\u00f3tel","og_description":"Matrei\u00f0um helst ekkert \u00far p\u00f6kkum e\u00f0a d\u00f3sum Sveitamennskan er styrkleiki Langaholts \u00ed Sta\u00f0arsveit Langaholt er eitt af \u00feessum st\u00f3ru n\u00f6fnum \u00ed fer\u00f0a\u00fej\u00f3nustunni \u00e1 Vesturlandi. Langaholt er veitingasta\u00f0ur og h\u00f3tel \u00e1 b\u00e6num G\u00f6r\u00f0um \u00ed Sta\u00f0arsveit og \u00fear bjuggu \u00feau Svava Gu\u00f0mundsd\u00f3ttir [&hellip;]","og_url":"https:\/\/langaholt.is\/islenska\/matreidum-helst-ekkert-ur-pokkum-eda-dosum\/","og_site_name":"Langaholt sveitah\u00f3tel","article_publisher":"https:\/\/www.facebook.com\/langaholt\/","article_published_time":"2019-11-19T10:32:04+00:00","article_modified_time":"2020-04-24T10:35:36+00:00","og_image":[{"width":2560,"height":1707,"url":"https:\/\/langaholt.is\/islenska\/wp-content\/uploads\/2020\/04\/Vi\u00f0tal-Langaholt-loki\u00f0_2-scaled.jpg","type":"image\/jpeg"}],"author":"vefstjori","twitter_card":"summary_large_image","twitter_misc":{"Written by":"vefstjori","Est. reading time":"3 minutes"},"schema":{"@context":"https:\/\/schema.org","@graph":[{"@type":"Article","@id":"https:\/\/langaholt.is\/islenska\/matreidum-helst-ekkert-ur-pokkum-eda-dosum\/#article","isPartOf":{"@id":"https:\/\/langaholt.is\/islenska\/matreidum-helst-ekkert-ur-pokkum-eda-dosum\/"},"author":{"name":"vefstjori","@id":"https:\/\/langaholt.is\/islenska\/#\/schema\/person\/ef9d2805fe68343f8150ec027ca9f880"},"headline":"Matrei\u00f0um helst ekkert \u00far p\u00f6kkum e\u00f0a d\u00f3sum","datePublished":"2019-11-19T10:32:04+00:00","dateModified":"2020-04-24T10:35:36+00:00","mainEntityOfPage":{"@id":"https:\/\/langaholt.is\/islenska\/matreidum-helst-ekkert-ur-pokkum-eda-dosum\/"},"wordCount":557,"publisher":{"@id":"https:\/\/langaholt.is\/islenska\/#organization"},"image":{"@id":"https:\/\/langaholt.is\/islenska\/matreidum-helst-ekkert-ur-pokkum-eda-dosum\/#primaryimage"},"thumbnailUrl":"https:\/\/langaholt.is\/islenska\/wp-content\/uploads\/2020\/04\/Vi\u00f0tal-Langaholt-loki\u00f0_2-scaled.jpg","articleSection":["Uncategorized"],"inLanguage":"is"},{"@type":"WebPage","@id":"https:\/\/langaholt.is\/islenska\/matreidum-helst-ekkert-ur-pokkum-eda-dosum\/","url":"https:\/\/langaholt.is\/islenska\/matreidum-helst-ekkert-ur-pokkum-eda-dosum\/","name":"Matrei\u00f0um helst ekkert \u00far p\u00f6kkum e\u00f0a d\u00f3sum - Langaholt sveitah\u00f3tel","isPartOf":{"@id":"https:\/\/langaholt.is\/islenska\/#website"},"primaryImageOfPage":{"@id":"https:\/\/langaholt.is\/islenska\/matreidum-helst-ekkert-ur-pokkum-eda-dosum\/#primaryimage"},"image":{"@id":"https:\/\/langaholt.is\/islenska\/matreidum-helst-ekkert-ur-pokkum-eda-dosum\/#primaryimage"},"thumbnailUrl":"https:\/\/langaholt.is\/islenska\/wp-content\/uploads\/2020\/04\/Vi\u00f0tal-Langaholt-loki\u00f0_2-scaled.jpg","datePublished":"2019-11-19T10:32:04+00:00","dateModified":"2020-04-24T10:35:36+00:00","breadcrumb":{"@id":"https:\/\/langaholt.is\/islenska\/matreidum-helst-ekkert-ur-pokkum-eda-dosum\/#breadcrumb"},"inLanguage":"is","potentialAction":[{"@type":"ReadAction","target":["https:\/\/langaholt.is\/islenska\/matreidum-helst-ekkert-ur-pokkum-eda-dosum\/"]}]},{"@type":"ImageObject","inLanguage":"is","@id":"https:\/\/langaholt.is\/islenska\/matreidum-helst-ekkert-ur-pokkum-eda-dosum\/#primaryimage","url":"https:\/\/langaholt.is\/islenska\/wp-content\/uploads\/2020\/04\/Vi\u00f0tal-Langaholt-loki\u00f0_2-scaled.jpg","contentUrl":"https:\/\/langaholt.is\/islenska\/wp-content\/uploads\/2020\/04\/Vi\u00f0tal-Langaholt-loki\u00f0_2-scaled.jpg","width":2560,"height":1707},{"@type":"BreadcrumbList","@id":"https:\/\/langaholt.is\/islenska\/matreidum-helst-ekkert-ur-pokkum-eda-dosum\/#breadcrumb","itemListElement":[{"@type":"ListItem","position":1,"name":"Home","item":"https:\/\/langaholt.is\/islenska\/"},{"@type":"ListItem","position":2,"name":"Matrei\u00f0um helst ekkert \u00far p\u00f6kkum e\u00f0a d\u00f3sum"}]},{"@type":"WebSite","@id":"https:\/\/langaholt.is\/islenska\/#website","url":"https:\/\/langaholt.is\/islenska\/","name":"Langaholt Sveitah\u00f3tel","description":"Ekta \u00edslensk sveitah\u00f3tel \u00e1 Sn\u00e6fellsnesinu","publisher":{"@id":"https:\/\/langaholt.is\/islenska\/#organization"},"potentialAction":[{"@type":"SearchAction","target":{"@type":"EntryPoint","urlTemplate":"https:\/\/langaholt.is\/islenska\/?s={search_term_string}"},"query-input":{"@type":"PropertyValueSpecification","valueRequired":true,"valueName":"search_term_string"}}],"inLanguage":"is"},{"@type":"Organization","@id":"https:\/\/langaholt.is\/islenska\/#organization","name":"Langaholt","url":"https:\/\/langaholt.is\/islenska\/","logo":{"@type":"ImageObject","inLanguage":"is","@id":"https:\/\/langaholt.is\/islenska\/#\/schema\/logo\/image\/","url":"https:\/\/langaholt.is\/islenska\/wp-content\/uploads\/2020\/02\/Langaholt-logo-vefur.jpg","contentUrl":"https:\/\/langaholt.is\/islenska\/wp-content\/uploads\/2020\/02\/Langaholt-logo-vefur.jpg","width":261,"height":85,"caption":"Langaholt"},"image":{"@id":"https:\/\/langaholt.is\/islenska\/#\/schema\/logo\/image\/"},"sameAs":["https:\/\/www.facebook.com\/langaholt\/","https:\/\/www.instagram.com\/langaholt\/"]},{"@type":"Person","@id":"https:\/\/langaholt.is\/islenska\/#\/schema\/person\/ef9d2805fe68343f8150ec027ca9f880","name":"vefstjori","image":{"@type":"ImageObject","inLanguage":"is","@id":"https:\/\/secure.gravatar.com\/avatar\/16d1d05549f8572442122902fcf2103164a064ed7f22b965bf6db151563e298c?s=96&d=mm&r=g","url":"https:\/\/secure.gravatar.com\/avatar\/16d1d05549f8572442122902fcf2103164a064ed7f22b965bf6db151563e298c?s=96&d=mm&r=g","contentUrl":"https:\/\/secure.gravatar.com\/avatar\/16d1d05549f8572442122902fcf2103164a064ed7f22b965bf6db151563e298c?s=96&d=mm&r=g","caption":"vefstjori"}}]}},"_links":{"self":[{"href":"https:\/\/langaholt.is\/islenska\/wp-json\/wp\/v2\/posts\/2175","targetHints":{"allow":["GET"]}}],"collection":[{"href":"https:\/\/langaholt.is\/islenska\/wp-json\/wp\/v2\/posts"}],"about":[{"href":"https:\/\/langaholt.is\/islenska\/wp-json\/wp\/v2\/types\/post"}],"author":[{"embeddable":true,"href":"https:\/\/langaholt.is\/islenska\/wp-json\/wp\/v2\/users\/1"}],"replies":[{"embeddable":true,"href":"https:\/\/langaholt.is\/islenska\/wp-json\/wp\/v2\/comments?post=2175"}],"version-history":[{"count":2,"href":"https:\/\/langaholt.is\/islenska\/wp-json\/wp\/v2\/posts\/2175\/revisions"}],"predecessor-version":[{"id":2178,"href":"https:\/\/langaholt.is\/islenska\/wp-json\/wp\/v2\/posts\/2175\/revisions\/2178"}],"wp:featuredmedia":[{"embeddable":true,"href":"https:\/\/langaholt.is\/islenska\/wp-json\/wp\/v2\/media\/2176"}],"wp:attachment":[{"href":"https:\/\/langaholt.is\/islenska\/wp-json\/wp\/v2\/media?parent=2175"}],"wp:term":[{"taxonomy":"category","embeddable":true,"href":"https:\/\/langaholt.is\/islenska\/wp-json\/wp\/v2\/categories?post=2175"},{"taxonomy":"post_tag","embeddable":true,"href":"https:\/\/langaholt.is\/islenska\/wp-json\/wp\/v2\/tags?post=2175"}],"curies":[{"name":"wp","href":"https:\/\/api.w.org\/{rel}","templated":true}]}}