{"id":2192,"date":"2015-10-30T15:43:35","date_gmt":"2015-10-30T15:43:35","guid":{"rendered":"https:\/\/langaholt.is\/islenska\/?p=2192"},"modified":"2020-04-24T15:45:47","modified_gmt":"2020-04-24T15:45:47","slug":"gistirymum-ad-langaholti-fjolgad-um-helming-i-vetur","status":"publish","type":"post","link":"https:\/\/langaholt.is\/islenska\/gistirymum-ad-langaholti-fjolgad-um-helming-i-vetur\/","title":{"rendered":"Gistir\u00fdmum a\u00f0 Langaholti fj\u00f6lga\u00f0 um helming \u00ed vetur"},"content":{"rendered":"\t\t<div data-elementor-type=\"wp-post\" data-elementor-id=\"2192\" class=\"elementor elementor-2192\">\n\t\t\t\t\t\t<section class=\"elementor-section elementor-top-section elementor-element elementor-element-75fc189 elementor-section-boxed elementor-section-height-default elementor-section-height-default\" data-id=\"75fc189\" data-element_type=\"section\" data-e-type=\"section\" data-settings=\"{&quot;hoteller_ext_is_background_parallax&quot;:&quot;false&quot;,&quot;hoteller_ext_is_background_on_scroll&quot;:&quot;false&quot;}\">\n\t\t\t\t\t\t<div class=\"elementor-container elementor-column-gap-default\">\n\t\t\t\t\t<div class=\"elementor-column elementor-col-100 elementor-top-column elementor-element elementor-element-a400765\" data-id=\"a400765\" data-element_type=\"column\" data-e-type=\"column\" data-settings=\"{&quot;hoteller_ext_link_sidemenu&quot;:&quot;false&quot;,&quot;hoteller_ext_link_fullmenu&quot;:&quot;false&quot;,&quot;hoteller_ext_link_closed_fullmenu&quot;:&quot;false&quot;,&quot;hoteller_ext_is_scrollme&quot;:&quot;false&quot;,&quot;hoteller_ext_is_smoove&quot;:&quot;false&quot;,&quot;hoteller_ext_is_parallax_mouse&quot;:&quot;false&quot;,&quot;hoteller_ext_is_infinite&quot;:&quot;false&quot;,&quot;hoteller_ext_is_fadeout_animation&quot;:&quot;false&quot;,&quot;hoteller_ext_mobile_static&quot;:&quot;false&quot;}\">\n\t\t\t<div class=\"elementor-widget-wrap elementor-element-populated\">\n\t\t\t\t\t\t<div class=\"elementor-element elementor-element-a4ac72e elementor-widget elementor-widget-heading\" data-id=\"a4ac72e\" data-element_type=\"widget\" data-e-type=\"widget\" data-settings=\"{&quot;hoteller_ext_link_sidemenu&quot;:&quot;false&quot;,&quot;hoteller_ext_link_fullmenu&quot;:&quot;false&quot;,&quot;hoteller_ext_link_closed_fullmenu&quot;:&quot;false&quot;,&quot;hoteller_ext_is_scrollme&quot;:&quot;false&quot;,&quot;hoteller_ext_is_smoove&quot;:&quot;false&quot;,&quot;hoteller_ext_is_parallax_mouse&quot;:&quot;false&quot;,&quot;hoteller_ext_is_infinite&quot;:&quot;false&quot;,&quot;hoteller_ext_is_fadeout_animation&quot;:&quot;false&quot;,&quot;hoteller_ext_mobile_static&quot;:&quot;false&quot;}\" data-widget_type=\"heading.default\">\n\t\t\t\t<div class=\"elementor-widget-container\">\n\t\t\t\t\t<h2 class=\"elementor-heading-title elementor-size-default\">Gistir\u00fdmum a\u00f0 Langaholti fj\u00f6lga\u00f0 um helming \u00ed vetur<\/h2>\t\t\t\t<\/div>\n\t\t\t\t<\/div>\n\t\t\t\t\t<\/div>\n\t\t<\/div>\n\t\t\t\t\t<\/div>\n\t\t<\/section>\n\t\t\t\t<section class=\"elementor-section elementor-top-section elementor-element elementor-element-d694dfa elementor-section-boxed elementor-section-height-default elementor-section-height-default\" data-id=\"d694dfa\" data-element_type=\"section\" data-e-type=\"section\" data-settings=\"{&quot;hoteller_ext_is_background_parallax&quot;:&quot;false&quot;,&quot;hoteller_ext_is_background_on_scroll&quot;:&quot;false&quot;}\">\n\t\t\t\t\t\t<div class=\"elementor-container elementor-column-gap-default\">\n\t\t\t\t\t<div class=\"elementor-column elementor-col-100 elementor-top-column elementor-element elementor-element-95347bc\" data-id=\"95347bc\" data-element_type=\"column\" data-e-type=\"column\" data-settings=\"{&quot;hoteller_ext_link_sidemenu&quot;:&quot;false&quot;,&quot;hoteller_ext_link_fullmenu&quot;:&quot;false&quot;,&quot;hoteller_ext_link_closed_fullmenu&quot;:&quot;false&quot;,&quot;hoteller_ext_is_scrollme&quot;:&quot;false&quot;,&quot;hoteller_ext_is_smoove&quot;:&quot;false&quot;,&quot;hoteller_ext_is_parallax_mouse&quot;:&quot;false&quot;,&quot;hoteller_ext_is_infinite&quot;:&quot;false&quot;,&quot;hoteller_ext_is_fadeout_animation&quot;:&quot;false&quot;,&quot;hoteller_ext_mobile_static&quot;:&quot;false&quot;}\">\n\t\t\t<div class=\"elementor-widget-wrap elementor-element-populated\">\n\t\t\t\t\t\t<div class=\"elementor-element elementor-element-bdc3dbf elementor-widget elementor-widget-text-editor\" data-id=\"bdc3dbf\" data-element_type=\"widget\" data-e-type=\"widget\" data-settings=\"{&quot;hoteller_ext_link_sidemenu&quot;:&quot;false&quot;,&quot;hoteller_ext_link_fullmenu&quot;:&quot;false&quot;,&quot;hoteller_ext_link_closed_fullmenu&quot;:&quot;false&quot;,&quot;hoteller_ext_is_scrollme&quot;:&quot;false&quot;,&quot;hoteller_ext_is_smoove&quot;:&quot;false&quot;,&quot;hoteller_ext_is_parallax_mouse&quot;:&quot;false&quot;,&quot;hoteller_ext_is_infinite&quot;:&quot;false&quot;,&quot;hoteller_ext_is_fadeout_animation&quot;:&quot;false&quot;,&quot;hoteller_ext_mobile_static&quot;:&quot;false&quot;}\" data-widget_type=\"text-editor.default\">\n\t\t\t\t<div class=\"elementor-widget-container\">\n\t\t\t\t\t\t\t\t\t<p>Framkv\u00e6mdir eru hafnar vi\u00f0 a\u00f0 st\u00e6kka gistih\u00fasi\u00f0 a\u00f0 Langaholti \u00ed Sta\u00f0arsveit \u00e1 Sn\u00e6fellsnesi um helming. Fj\u00f6lga\u00f0 ver\u00f0ur \u00ed gistir\u00fdmi um 20 herbergi, st\u00e6kka\u00f0 \u00far 20 \u00ed 40 herbergi. Fyrsta sk\u00f3flustungan a\u00f0 framkv\u00e6mdunum var tekin \u00e1 mi\u00f0vikudag \u00ed s\u00ed\u00f0ustu viku. \u201eJ\u00e1, vi\u00f0 erum a\u00f0allega a\u00f0 fara a\u00f0 b\u00e6ta vi\u00f0 herbergjum, auka gistir\u00fdmi\u00f0. \u00deessi 20 n\u00fdju herbergi til vi\u00f0b\u00f3tar vi\u00f0 \u00feau 20 sem eru fyrir ver\u00f0a \u00ed h\u00fasi samtengdu vi\u00f0 gistih\u00fasi\u00f0 sem er fyrir. N\u00fdja byggingin \u00e1 a\u00f0 ver\u00f0a tilb\u00fain sem fyrst. \u00c9g var a\u00f0 lesa \u00ed Skessuhorni a\u00f0 fer\u00f0a\u00fej\u00f3nustan s\u00e9 or\u00f0in a\u00f0al bransinn svo \u00fea\u00f0 er ekki seinna v\u00e6nna, sag\u00f0i Keli vert, \u00deorkell S\u00edmonarson \u00ed Langaholti, \u00feegar Skessuhorn n\u00e1\u00f0i tali af honum \u00ed \u00f6nnum vi\u00f0 a\u00f0 grafa fyrir grunni n\u00fdja h\u00fassins. \u201eEn vi\u00f0 \u00e1\u00e6tlum a\u00f0 n\u00e1 a\u00f0 lj\u00faka \u00feessu fyrir n\u00e6sta sumar.\u201c<\/p><p>Herbergin \u00ed n\u00fdju gisti\u00e1lmunni ver\u00f0a \u00f6ll tveggja manna me\u00f0 ba\u00f0i. \u201e\u00dea\u00f0 ver\u00f0a \u00f6ll n\u00fat\u00edma \u00fe\u00e6gindi eins og kr\u00f6fur eru til \u00ed fer\u00f0a\u00fej\u00f3nustunni \u00ed dag. \u201e\u00dea\u00f0 er gaman a\u00f0 hugsa til \u00feess a\u00f0 elsti hluti gistih\u00fassins h\u00e9r er fr\u00e1 1985 e\u00f0a 30 \u00e1ra. \u00dea\u00f0 var s\u00e9rbyggt yfir fer\u00f0amenn og ekki m\u00f6rgum sem datt \u00fea\u00f0 \u00fe\u00e1 \u00ed hug \u00ed sveitum landsins a\u00f0 reisa gistih\u00fas fyrir fer\u00f0amenn. N\u00fa 30 \u00e1rum s\u00ed\u00f0an er \u00feetta hins vegar or\u00f0in \u00fe\u00f6rfin, 40 herbergi \u00ed Langaholti. Sumir segja reyndar a\u00f0 vi\u00f0 hef\u00f0um \u00e1tt a\u00f0 st\u00e6kka enn meira vi\u00f0 okkur \u00ed \u00feessum \u00e1fanga. \u00dea\u00f0 er b\u00fai\u00f0 a\u00f0 vera vitlaust a\u00f0 gera, mikill \u00f3fri\u00f0ur af fer\u00f0am\u00f6nnum,&#8220; segir Keli og hl\u00e6r d\u00e1tt. \u201eSumari\u00f0 var mj\u00f6g gott, eins og reyndar s\u00ed\u00f0ustu sumur einnig.\u201c<\/p>\t\t\t\t\t\t\t\t<\/div>\n\t\t\t\t<\/div>\n\t\t\t\t\t<\/div>\n\t\t<\/div>\n\t\t\t\t\t<\/div>\n\t\t<\/section>\n\t\t\t\t<\/div>\n\t\t","protected":false},"excerpt":{"rendered":"<p>Gistir\u00fdmum a\u00f0 Langaholti fj\u00f6lga\u00f0 um helming \u00ed vetur Framkv\u00e6mdir eru hafnar vi\u00f0 a\u00f0 st\u00e6kka gistih\u00fasi\u00f0 a\u00f0 Langaholti \u00ed Sta\u00f0arsveit \u00e1 Sn\u00e6fellsnesi um helming. Fj\u00f6lga\u00f0 ver\u00f0ur \u00ed gistir\u00fdmi um 20 herbergi, st\u00e6kka\u00f0 \u00far 20 \u00ed 40 herbergi. Fyrsta sk\u00f3flustungan a\u00f0 framkv\u00e6mdunum [&hellip;]<\/p>\n","protected":false},"author":1,"featured_media":2193,"comment_status":"closed","ping_status":"open","sticky":false,"template":"","format":"standard","meta":{"footnotes":""},"categories":[1],"tags":[],"class_list":["post-2192","post","type-post","status-publish","format-standard","has-post-thumbnail","hentry","category-uncategorized"],"yoast_head":"<!-- This site is optimized with the Yoast SEO plugin v27.5 - https:\/\/yoast.com\/product\/yoast-seo-wordpress\/ -->\n<title>Gistir\u00fdmum a\u00f0 Langaholti fj\u00f6lga\u00f0 um helming \u00ed vetur - Langaholt sveitah\u00f3tel<\/title>\n<meta name=\"robots\" content=\"index, follow, max-snippet:-1, max-image-preview:large, max-video-preview:-1\" \/>\n<link rel=\"canonical\" href=\"https:\/\/langaholt.is\/islenska\/gistirymum-ad-langaholti-fjolgad-um-helming-i-vetur\/\" \/>\n<meta property=\"og:locale\" content=\"is_IS\" \/>\n<meta property=\"og:type\" content=\"article\" \/>\n<meta property=\"og:title\" content=\"Gistir\u00fdmum a\u00f0 Langaholti fj\u00f6lga\u00f0 um helming \u00ed vetur - Langaholt sveitah\u00f3tel\" \/>\n<meta property=\"og:description\" content=\"Gistir\u00fdmum a\u00f0 Langaholti fj\u00f6lga\u00f0 um helming \u00ed vetur Framkv\u00e6mdir eru hafnar vi\u00f0 a\u00f0 st\u00e6kka gistih\u00fasi\u00f0 a\u00f0 Langaholti \u00ed Sta\u00f0arsveit \u00e1 Sn\u00e6fellsnesi um helming. Fj\u00f6lga\u00f0 ver\u00f0ur \u00ed gistir\u00fdmi um 20 herbergi, st\u00e6kka\u00f0 \u00far 20 \u00ed 40 herbergi. Fyrsta sk\u00f3flustungan a\u00f0 framkv\u00e6mdunum [&hellip;]\" \/>\n<meta property=\"og:url\" content=\"https:\/\/langaholt.is\/islenska\/gistirymum-ad-langaholti-fjolgad-um-helming-i-vetur\/\" \/>\n<meta property=\"og:site_name\" content=\"Langaholt sveitah\u00f3tel\" \/>\n<meta property=\"article:publisher\" content=\"https:\/\/www.facebook.com\/langaholt\/\" \/>\n<meta property=\"article:published_time\" content=\"2015-10-30T15:43:35+00:00\" \/>\n<meta property=\"article:modified_time\" content=\"2020-04-24T15:45:47+00:00\" \/>\n<meta property=\"og:image\" content=\"https:\/\/langaholt.is\/islenska\/wp-content\/uploads\/2020\/04\/Mynd_1667194.jpg\" \/>\n\t<meta property=\"og:image:width\" content=\"960\" \/>\n\t<meta property=\"og:image:height\" content=\"720\" \/>\n\t<meta property=\"og:image:type\" content=\"image\/jpeg\" \/>\n<meta name=\"author\" content=\"vefstjori\" \/>\n<meta name=\"twitter:card\" content=\"summary_large_image\" \/>\n<meta name=\"twitter:label1\" content=\"Written by\" \/>\n\t<meta name=\"twitter:data1\" content=\"vefstjori\" \/>\n\t<meta name=\"twitter:label2\" content=\"Est. reading time\" \/>\n\t<meta name=\"twitter:data2\" content=\"2 minutes\" \/>\n<script type=\"application\/ld+json\" class=\"yoast-schema-graph\">{\"@context\":\"https:\\\/\\\/schema.org\",\"@graph\":[{\"@type\":\"Article\",\"@id\":\"https:\\\/\\\/langaholt.is\\\/islenska\\\/gistirymum-ad-langaholti-fjolgad-um-helming-i-vetur\\\/#article\",\"isPartOf\":{\"@id\":\"https:\\\/\\\/langaholt.is\\\/islenska\\\/gistirymum-ad-langaholti-fjolgad-um-helming-i-vetur\\\/\"},\"author\":{\"name\":\"vefstjori\",\"@id\":\"https:\\\/\\\/langaholt.is\\\/islenska\\\/#\\\/schema\\\/person\\\/ef9d2805fe68343f8150ec027ca9f880\"},\"headline\":\"Gistir\u00fdmum a\u00f0 Langaholti fj\u00f6lga\u00f0 um helming \u00ed vetur\",\"datePublished\":\"2015-10-30T15:43:35+00:00\",\"dateModified\":\"2020-04-24T15:45:47+00:00\",\"mainEntityOfPage\":{\"@id\":\"https:\\\/\\\/langaholt.is\\\/islenska\\\/gistirymum-ad-langaholti-fjolgad-um-helming-i-vetur\\\/\"},\"wordCount\":311,\"publisher\":{\"@id\":\"https:\\\/\\\/langaholt.is\\\/islenska\\\/#organization\"},\"image\":{\"@id\":\"https:\\\/\\\/langaholt.is\\\/islenska\\\/gistirymum-ad-langaholti-fjolgad-um-helming-i-vetur\\\/#primaryimage\"},\"thumbnailUrl\":\"https:\\\/\\\/langaholt.is\\\/islenska\\\/wp-content\\\/uploads\\\/2020\\\/04\\\/Mynd_1667194.jpg\",\"articleSection\":[\"Uncategorized\"],\"inLanguage\":\"is\"},{\"@type\":\"WebPage\",\"@id\":\"https:\\\/\\\/langaholt.is\\\/islenska\\\/gistirymum-ad-langaholti-fjolgad-um-helming-i-vetur\\\/\",\"url\":\"https:\\\/\\\/langaholt.is\\\/islenska\\\/gistirymum-ad-langaholti-fjolgad-um-helming-i-vetur\\\/\",\"name\":\"Gistir\u00fdmum a\u00f0 Langaholti fj\u00f6lga\u00f0 um helming \u00ed vetur - Langaholt sveitah\u00f3tel\",\"isPartOf\":{\"@id\":\"https:\\\/\\\/langaholt.is\\\/islenska\\\/#website\"},\"primaryImageOfPage\":{\"@id\":\"https:\\\/\\\/langaholt.is\\\/islenska\\\/gistirymum-ad-langaholti-fjolgad-um-helming-i-vetur\\\/#primaryimage\"},\"image\":{\"@id\":\"https:\\\/\\\/langaholt.is\\\/islenska\\\/gistirymum-ad-langaholti-fjolgad-um-helming-i-vetur\\\/#primaryimage\"},\"thumbnailUrl\":\"https:\\\/\\\/langaholt.is\\\/islenska\\\/wp-content\\\/uploads\\\/2020\\\/04\\\/Mynd_1667194.jpg\",\"datePublished\":\"2015-10-30T15:43:35+00:00\",\"dateModified\":\"2020-04-24T15:45:47+00:00\",\"breadcrumb\":{\"@id\":\"https:\\\/\\\/langaholt.is\\\/islenska\\\/gistirymum-ad-langaholti-fjolgad-um-helming-i-vetur\\\/#breadcrumb\"},\"inLanguage\":\"is\",\"potentialAction\":[{\"@type\":\"ReadAction\",\"target\":[\"https:\\\/\\\/langaholt.is\\\/islenska\\\/gistirymum-ad-langaholti-fjolgad-um-helming-i-vetur\\\/\"]}]},{\"@type\":\"ImageObject\",\"inLanguage\":\"is\",\"@id\":\"https:\\\/\\\/langaholt.is\\\/islenska\\\/gistirymum-ad-langaholti-fjolgad-um-helming-i-vetur\\\/#primaryimage\",\"url\":\"https:\\\/\\\/langaholt.is\\\/islenska\\\/wp-content\\\/uploads\\\/2020\\\/04\\\/Mynd_1667194.jpg\",\"contentUrl\":\"https:\\\/\\\/langaholt.is\\\/islenska\\\/wp-content\\\/uploads\\\/2020\\\/04\\\/Mynd_1667194.jpg\",\"width\":960,\"height\":720},{\"@type\":\"BreadcrumbList\",\"@id\":\"https:\\\/\\\/langaholt.is\\\/islenska\\\/gistirymum-ad-langaholti-fjolgad-um-helming-i-vetur\\\/#breadcrumb\",\"itemListElement\":[{\"@type\":\"ListItem\",\"position\":1,\"name\":\"Home\",\"item\":\"https:\\\/\\\/langaholt.is\\\/islenska\\\/\"},{\"@type\":\"ListItem\",\"position\":2,\"name\":\"Gistir\u00fdmum a\u00f0 Langaholti fj\u00f6lga\u00f0 um helming \u00ed vetur\"}]},{\"@type\":\"WebSite\",\"@id\":\"https:\\\/\\\/langaholt.is\\\/islenska\\\/#website\",\"url\":\"https:\\\/\\\/langaholt.is\\\/islenska\\\/\",\"name\":\"Langaholt Sveitah\u00f3tel\",\"description\":\"Ekta \u00edslensk sveitah\u00f3tel \u00e1 Sn\u00e6fellsnesinu\",\"publisher\":{\"@id\":\"https:\\\/\\\/langaholt.is\\\/islenska\\\/#organization\"},\"potentialAction\":[{\"@type\":\"SearchAction\",\"target\":{\"@type\":\"EntryPoint\",\"urlTemplate\":\"https:\\\/\\\/langaholt.is\\\/islenska\\\/?s={search_term_string}\"},\"query-input\":{\"@type\":\"PropertyValueSpecification\",\"valueRequired\":true,\"valueName\":\"search_term_string\"}}],\"inLanguage\":\"is\"},{\"@type\":\"Organization\",\"@id\":\"https:\\\/\\\/langaholt.is\\\/islenska\\\/#organization\",\"name\":\"Langaholt\",\"url\":\"https:\\\/\\\/langaholt.is\\\/islenska\\\/\",\"logo\":{\"@type\":\"ImageObject\",\"inLanguage\":\"is\",\"@id\":\"https:\\\/\\\/langaholt.is\\\/islenska\\\/#\\\/schema\\\/logo\\\/image\\\/\",\"url\":\"https:\\\/\\\/langaholt.is\\\/islenska\\\/wp-content\\\/uploads\\\/2020\\\/02\\\/Langaholt-logo-vefur.jpg\",\"contentUrl\":\"https:\\\/\\\/langaholt.is\\\/islenska\\\/wp-content\\\/uploads\\\/2020\\\/02\\\/Langaholt-logo-vefur.jpg\",\"width\":261,\"height\":85,\"caption\":\"Langaholt\"},\"image\":{\"@id\":\"https:\\\/\\\/langaholt.is\\\/islenska\\\/#\\\/schema\\\/logo\\\/image\\\/\"},\"sameAs\":[\"https:\\\/\\\/www.facebook.com\\\/langaholt\\\/\",\"https:\\\/\\\/www.instagram.com\\\/langaholt\\\/\"]},{\"@type\":\"Person\",\"@id\":\"https:\\\/\\\/langaholt.is\\\/islenska\\\/#\\\/schema\\\/person\\\/ef9d2805fe68343f8150ec027ca9f880\",\"name\":\"vefstjori\",\"image\":{\"@type\":\"ImageObject\",\"inLanguage\":\"is\",\"@id\":\"https:\\\/\\\/secure.gravatar.com\\\/avatar\\\/16d1d05549f8572442122902fcf2103164a064ed7f22b965bf6db151563e298c?s=96&d=mm&r=g\",\"url\":\"https:\\\/\\\/secure.gravatar.com\\\/avatar\\\/16d1d05549f8572442122902fcf2103164a064ed7f22b965bf6db151563e298c?s=96&d=mm&r=g\",\"contentUrl\":\"https:\\\/\\\/secure.gravatar.com\\\/avatar\\\/16d1d05549f8572442122902fcf2103164a064ed7f22b965bf6db151563e298c?s=96&d=mm&r=g\",\"caption\":\"vefstjori\"}}]}<\/script>\n<!-- \/ Yoast SEO plugin. -->","yoast_head_json":{"title":"Gistir\u00fdmum a\u00f0 Langaholti fj\u00f6lga\u00f0 um helming \u00ed vetur - Langaholt sveitah\u00f3tel","robots":{"index":"index","follow":"follow","max-snippet":"max-snippet:-1","max-image-preview":"max-image-preview:large","max-video-preview":"max-video-preview:-1"},"canonical":"https:\/\/langaholt.is\/islenska\/gistirymum-ad-langaholti-fjolgad-um-helming-i-vetur\/","og_locale":"is_IS","og_type":"article","og_title":"Gistir\u00fdmum a\u00f0 Langaholti fj\u00f6lga\u00f0 um helming \u00ed vetur - Langaholt sveitah\u00f3tel","og_description":"Gistir\u00fdmum a\u00f0 Langaholti fj\u00f6lga\u00f0 um helming \u00ed vetur Framkv\u00e6mdir eru hafnar vi\u00f0 a\u00f0 st\u00e6kka gistih\u00fasi\u00f0 a\u00f0 Langaholti \u00ed Sta\u00f0arsveit \u00e1 Sn\u00e6fellsnesi um helming. Fj\u00f6lga\u00f0 ver\u00f0ur \u00ed gistir\u00fdmi um 20 herbergi, st\u00e6kka\u00f0 \u00far 20 \u00ed 40 herbergi. Fyrsta sk\u00f3flustungan a\u00f0 framkv\u00e6mdunum [&hellip;]","og_url":"https:\/\/langaholt.is\/islenska\/gistirymum-ad-langaholti-fjolgad-um-helming-i-vetur\/","og_site_name":"Langaholt sveitah\u00f3tel","article_publisher":"https:\/\/www.facebook.com\/langaholt\/","article_published_time":"2015-10-30T15:43:35+00:00","article_modified_time":"2020-04-24T15:45:47+00:00","og_image":[{"width":960,"height":720,"url":"https:\/\/langaholt.is\/islenska\/wp-content\/uploads\/2020\/04\/Mynd_1667194.jpg","type":"image\/jpeg"}],"author":"vefstjori","twitter_card":"summary_large_image","twitter_misc":{"Written by":"vefstjori","Est. reading time":"2 minutes"},"schema":{"@context":"https:\/\/schema.org","@graph":[{"@type":"Article","@id":"https:\/\/langaholt.is\/islenska\/gistirymum-ad-langaholti-fjolgad-um-helming-i-vetur\/#article","isPartOf":{"@id":"https:\/\/langaholt.is\/islenska\/gistirymum-ad-langaholti-fjolgad-um-helming-i-vetur\/"},"author":{"name":"vefstjori","@id":"https:\/\/langaholt.is\/islenska\/#\/schema\/person\/ef9d2805fe68343f8150ec027ca9f880"},"headline":"Gistir\u00fdmum a\u00f0 Langaholti fj\u00f6lga\u00f0 um helming \u00ed vetur","datePublished":"2015-10-30T15:43:35+00:00","dateModified":"2020-04-24T15:45:47+00:00","mainEntityOfPage":{"@id":"https:\/\/langaholt.is\/islenska\/gistirymum-ad-langaholti-fjolgad-um-helming-i-vetur\/"},"wordCount":311,"publisher":{"@id":"https:\/\/langaholt.is\/islenska\/#organization"},"image":{"@id":"https:\/\/langaholt.is\/islenska\/gistirymum-ad-langaholti-fjolgad-um-helming-i-vetur\/#primaryimage"},"thumbnailUrl":"https:\/\/langaholt.is\/islenska\/wp-content\/uploads\/2020\/04\/Mynd_1667194.jpg","articleSection":["Uncategorized"],"inLanguage":"is"},{"@type":"WebPage","@id":"https:\/\/langaholt.is\/islenska\/gistirymum-ad-langaholti-fjolgad-um-helming-i-vetur\/","url":"https:\/\/langaholt.is\/islenska\/gistirymum-ad-langaholti-fjolgad-um-helming-i-vetur\/","name":"Gistir\u00fdmum a\u00f0 Langaholti fj\u00f6lga\u00f0 um helming \u00ed vetur - Langaholt sveitah\u00f3tel","isPartOf":{"@id":"https:\/\/langaholt.is\/islenska\/#website"},"primaryImageOfPage":{"@id":"https:\/\/langaholt.is\/islenska\/gistirymum-ad-langaholti-fjolgad-um-helming-i-vetur\/#primaryimage"},"image":{"@id":"https:\/\/langaholt.is\/islenska\/gistirymum-ad-langaholti-fjolgad-um-helming-i-vetur\/#primaryimage"},"thumbnailUrl":"https:\/\/langaholt.is\/islenska\/wp-content\/uploads\/2020\/04\/Mynd_1667194.jpg","datePublished":"2015-10-30T15:43:35+00:00","dateModified":"2020-04-24T15:45:47+00:00","breadcrumb":{"@id":"https:\/\/langaholt.is\/islenska\/gistirymum-ad-langaholti-fjolgad-um-helming-i-vetur\/#breadcrumb"},"inLanguage":"is","potentialAction":[{"@type":"ReadAction","target":["https:\/\/langaholt.is\/islenska\/gistirymum-ad-langaholti-fjolgad-um-helming-i-vetur\/"]}]},{"@type":"ImageObject","inLanguage":"is","@id":"https:\/\/langaholt.is\/islenska\/gistirymum-ad-langaholti-fjolgad-um-helming-i-vetur\/#primaryimage","url":"https:\/\/langaholt.is\/islenska\/wp-content\/uploads\/2020\/04\/Mynd_1667194.jpg","contentUrl":"https:\/\/langaholt.is\/islenska\/wp-content\/uploads\/2020\/04\/Mynd_1667194.jpg","width":960,"height":720},{"@type":"BreadcrumbList","@id":"https:\/\/langaholt.is\/islenska\/gistirymum-ad-langaholti-fjolgad-um-helming-i-vetur\/#breadcrumb","itemListElement":[{"@type":"ListItem","position":1,"name":"Home","item":"https:\/\/langaholt.is\/islenska\/"},{"@type":"ListItem","position":2,"name":"Gistir\u00fdmum a\u00f0 Langaholti fj\u00f6lga\u00f0 um helming \u00ed vetur"}]},{"@type":"WebSite","@id":"https:\/\/langaholt.is\/islenska\/#website","url":"https:\/\/langaholt.is\/islenska\/","name":"Langaholt Sveitah\u00f3tel","description":"Ekta \u00edslensk sveitah\u00f3tel \u00e1 Sn\u00e6fellsnesinu","publisher":{"@id":"https:\/\/langaholt.is\/islenska\/#organization"},"potentialAction":[{"@type":"SearchAction","target":{"@type":"EntryPoint","urlTemplate":"https:\/\/langaholt.is\/islenska\/?s={search_term_string}"},"query-input":{"@type":"PropertyValueSpecification","valueRequired":true,"valueName":"search_term_string"}}],"inLanguage":"is"},{"@type":"Organization","@id":"https:\/\/langaholt.is\/islenska\/#organization","name":"Langaholt","url":"https:\/\/langaholt.is\/islenska\/","logo":{"@type":"ImageObject","inLanguage":"is","@id":"https:\/\/langaholt.is\/islenska\/#\/schema\/logo\/image\/","url":"https:\/\/langaholt.is\/islenska\/wp-content\/uploads\/2020\/02\/Langaholt-logo-vefur.jpg","contentUrl":"https:\/\/langaholt.is\/islenska\/wp-content\/uploads\/2020\/02\/Langaholt-logo-vefur.jpg","width":261,"height":85,"caption":"Langaholt"},"image":{"@id":"https:\/\/langaholt.is\/islenska\/#\/schema\/logo\/image\/"},"sameAs":["https:\/\/www.facebook.com\/langaholt\/","https:\/\/www.instagram.com\/langaholt\/"]},{"@type":"Person","@id":"https:\/\/langaholt.is\/islenska\/#\/schema\/person\/ef9d2805fe68343f8150ec027ca9f880","name":"vefstjori","image":{"@type":"ImageObject","inLanguage":"is","@id":"https:\/\/secure.gravatar.com\/avatar\/16d1d05549f8572442122902fcf2103164a064ed7f22b965bf6db151563e298c?s=96&d=mm&r=g","url":"https:\/\/secure.gravatar.com\/avatar\/16d1d05549f8572442122902fcf2103164a064ed7f22b965bf6db151563e298c?s=96&d=mm&r=g","contentUrl":"https:\/\/secure.gravatar.com\/avatar\/16d1d05549f8572442122902fcf2103164a064ed7f22b965bf6db151563e298c?s=96&d=mm&r=g","caption":"vefstjori"}}]}},"_links":{"self":[{"href":"https:\/\/langaholt.is\/islenska\/wp-json\/wp\/v2\/posts\/2192","targetHints":{"allow":["GET"]}}],"collection":[{"href":"https:\/\/langaholt.is\/islenska\/wp-json\/wp\/v2\/posts"}],"about":[{"href":"https:\/\/langaholt.is\/islenska\/wp-json\/wp\/v2\/types\/post"}],"author":[{"embeddable":true,"href":"https:\/\/langaholt.is\/islenska\/wp-json\/wp\/v2\/users\/1"}],"replies":[{"embeddable":true,"href":"https:\/\/langaholt.is\/islenska\/wp-json\/wp\/v2\/comments?post=2192"}],"version-history":[{"count":2,"href":"https:\/\/langaholt.is\/islenska\/wp-json\/wp\/v2\/posts\/2192\/revisions"}],"predecessor-version":[{"id":2195,"href":"https:\/\/langaholt.is\/islenska\/wp-json\/wp\/v2\/posts\/2192\/revisions\/2195"}],"wp:featuredmedia":[{"embeddable":true,"href":"https:\/\/langaholt.is\/islenska\/wp-json\/wp\/v2\/media\/2193"}],"wp:attachment":[{"href":"https:\/\/langaholt.is\/islenska\/wp-json\/wp\/v2\/media?parent=2192"}],"wp:term":[{"taxonomy":"category","embeddable":true,"href":"https:\/\/langaholt.is\/islenska\/wp-json\/wp\/v2\/categories?post=2192"},{"taxonomy":"post_tag","embeddable":true,"href":"https:\/\/langaholt.is\/islenska\/wp-json\/wp\/v2\/tags?post=2192"}],"curies":[{"name":"wp","href":"https:\/\/api.w.org\/{rel}","templated":true}]}}