{"id":2197,"date":"2017-02-18T15:52:44","date_gmt":"2017-02-18T15:52:44","guid":{"rendered":"https:\/\/langaholt.is\/islenska\/?p=2197"},"modified":"2020-04-24T15:55:35","modified_gmt":"2020-04-24T15:55:35","slug":"hvalreki-a-snaefellsnesi","status":"publish","type":"post","link":"https:\/\/langaholt.is\/islenska\/hvalreki-a-snaefellsnesi\/","title":{"rendered":"Hvalreki \u00e1 Sn\u00e6fellsnesi"},"content":{"rendered":"\t\t<div data-elementor-type=\"wp-post\" data-elementor-id=\"2197\" class=\"elementor elementor-2197\">\n\t\t\t\t\t\t<section class=\"elementor-section elementor-top-section elementor-element elementor-element-a32aecd elementor-section-boxed elementor-section-height-default elementor-section-height-default\" data-id=\"a32aecd\" data-element_type=\"section\" data-e-type=\"section\" data-settings=\"{&quot;hoteller_ext_is_background_parallax&quot;:&quot;false&quot;,&quot;hoteller_ext_is_background_on_scroll&quot;:&quot;false&quot;}\">\n\t\t\t\t\t\t<div class=\"elementor-container elementor-column-gap-default\">\n\t\t\t\t\t<div class=\"elementor-column elementor-col-100 elementor-top-column elementor-element elementor-element-945791e\" data-id=\"945791e\" data-element_type=\"column\" data-e-type=\"column\" data-settings=\"{&quot;hoteller_ext_link_sidemenu&quot;:&quot;false&quot;,&quot;hoteller_ext_link_fullmenu&quot;:&quot;false&quot;,&quot;hoteller_ext_link_closed_fullmenu&quot;:&quot;false&quot;,&quot;hoteller_ext_is_scrollme&quot;:&quot;false&quot;,&quot;hoteller_ext_is_smoove&quot;:&quot;false&quot;,&quot;hoteller_ext_is_parallax_mouse&quot;:&quot;false&quot;,&quot;hoteller_ext_is_infinite&quot;:&quot;false&quot;,&quot;hoteller_ext_is_fadeout_animation&quot;:&quot;false&quot;,&quot;hoteller_ext_mobile_static&quot;:&quot;false&quot;}\">\n\t\t\t<div class=\"elementor-widget-wrap elementor-element-populated\">\n\t\t\t\t\t\t<div class=\"elementor-element elementor-element-fd49cf9 elementor-widget elementor-widget-heading\" data-id=\"fd49cf9\" data-element_type=\"widget\" data-e-type=\"widget\" data-settings=\"{&quot;hoteller_ext_link_sidemenu&quot;:&quot;false&quot;,&quot;hoteller_ext_link_fullmenu&quot;:&quot;false&quot;,&quot;hoteller_ext_link_closed_fullmenu&quot;:&quot;false&quot;,&quot;hoteller_ext_is_scrollme&quot;:&quot;false&quot;,&quot;hoteller_ext_is_smoove&quot;:&quot;false&quot;,&quot;hoteller_ext_is_parallax_mouse&quot;:&quot;false&quot;,&quot;hoteller_ext_is_infinite&quot;:&quot;false&quot;,&quot;hoteller_ext_is_fadeout_animation&quot;:&quot;false&quot;,&quot;hoteller_ext_mobile_static&quot;:&quot;false&quot;}\" data-widget_type=\"heading.default\">\n\t\t\t\t<div class=\"elementor-widget-container\">\n\t\t\t\t\t<h2 class=\"elementor-heading-title elementor-size-default\">Hvalreki \u00e1 Sn\u00e6fellsnesi<\/h2>\t\t\t\t<\/div>\n\t\t\t\t<\/div>\n\t\t\t\t\t<\/div>\n\t\t<\/div>\n\t\t\t\t\t<\/div>\n\t\t<\/section>\n\t\t\t\t<section class=\"elementor-section elementor-top-section elementor-element elementor-element-f79a5d3 elementor-section-boxed elementor-section-height-default elementor-section-height-default\" data-id=\"f79a5d3\" data-element_type=\"section\" data-e-type=\"section\" data-settings=\"{&quot;hoteller_ext_is_background_parallax&quot;:&quot;false&quot;,&quot;hoteller_ext_is_background_on_scroll&quot;:&quot;false&quot;}\">\n\t\t\t\t\t\t<div class=\"elementor-container elementor-column-gap-default\">\n\t\t\t\t\t<div class=\"elementor-column elementor-col-100 elementor-top-column elementor-element elementor-element-ea3efdc\" data-id=\"ea3efdc\" data-element_type=\"column\" data-e-type=\"column\" data-settings=\"{&quot;hoteller_ext_link_sidemenu&quot;:&quot;false&quot;,&quot;hoteller_ext_link_fullmenu&quot;:&quot;false&quot;,&quot;hoteller_ext_link_closed_fullmenu&quot;:&quot;false&quot;,&quot;hoteller_ext_is_scrollme&quot;:&quot;false&quot;,&quot;hoteller_ext_is_smoove&quot;:&quot;false&quot;,&quot;hoteller_ext_is_parallax_mouse&quot;:&quot;false&quot;,&quot;hoteller_ext_is_infinite&quot;:&quot;false&quot;,&quot;hoteller_ext_is_fadeout_animation&quot;:&quot;false&quot;,&quot;hoteller_ext_mobile_static&quot;:&quot;false&quot;}\">\n\t\t\t<div class=\"elementor-widget-wrap elementor-element-populated\">\n\t\t\t\t\t\t<div class=\"elementor-element elementor-element-ae0c296 elementor-widget elementor-widget-text-editor\" data-id=\"ae0c296\" data-element_type=\"widget\" data-e-type=\"widget\" data-settings=\"{&quot;hoteller_ext_link_sidemenu&quot;:&quot;false&quot;,&quot;hoteller_ext_link_fullmenu&quot;:&quot;false&quot;,&quot;hoteller_ext_link_closed_fullmenu&quot;:&quot;false&quot;,&quot;hoteller_ext_is_scrollme&quot;:&quot;false&quot;,&quot;hoteller_ext_is_smoove&quot;:&quot;false&quot;,&quot;hoteller_ext_is_parallax_mouse&quot;:&quot;false&quot;,&quot;hoteller_ext_is_infinite&quot;:&quot;false&quot;,&quot;hoteller_ext_is_fadeout_animation&quot;:&quot;false&quot;,&quot;hoteller_ext_mobile_static&quot;:&quot;false&quot;}\" data-widget_type=\"text-editor.default\">\n\t\t\t\t<div class=\"elementor-widget-container\">\n\t\t\t\t\t\t\t\t\t<p>Dau\u00f0ur hvalur fannst \u00e1 L\u00f6ngufj\u00f6rum, ekki langt fr\u00e1 Gistih\u00fasinu Langaholti a\u00f0 Ytri-G\u00f6r\u00f0um \u00e1 sunnanver\u00f0u Sn\u00e6fellsnesi, \u00e1 laugardaginn s\u00ed\u00f0asta. \u00deorkell S\u00edmonarson, Keli vert \u00ed Langaholti, telur a\u00f0 hvalinn hafi reki\u00f0 \u00e1 land einhvern t\u00edmann \u00ed s\u00ed\u00f0ustu viku. \u201e\u00dea\u00f0 hefur ekki veri\u00f0 miki\u00f0 ve\u00f0ur til \u00fativistar h\u00e9r s\u00ed\u00f0asta h\u00e1lfa m\u00e1nu\u00f0inn e\u00f0a svo, e\u00f0a \u00fear til \u00e1 laugardag a\u00f0 ve\u00f0ri\u00f0 var fallegt og \u00fe\u00e1 r\u00e1kumst vi\u00f0 \u00e1 hvalinn \u00fear sem vi\u00f0 gengum eftir fj\u00f6runni og nutum \u00fativerunnar. \u00de\u00f3 er ekki \u00fdkja langt s\u00ed\u00f0an \u00e9g f\u00f3r \u00fearna um s\u00ed\u00f0ast, \u00feannig a\u00f0 hvalurinn g\u00e6ti hafa komi\u00f0 \u00e1 land \u00ed byrjun s\u00ed\u00f0ustu viku,\u201c segir Keli \u00ed samtali vi\u00f0 Skessuhorn. \u201eEn ma\u00f0ur veit aldrei hva\u00f0 svona hvalur hefur veri\u00f0 dau\u00f0ur lengi \u00ed sj\u00f3num \u00e1\u00f0ur en hann rekur \u00e1 land,\u201c b\u00e6tir hann vi\u00f0.<\/p><p>Keli segir hvalinn nokku\u00f0 st\u00f3ran, um \u00e1tta metra langan fr\u00e1 spor\u00f0i og fram a\u00f0 framb\u00e6gslinu. Allt \u00fear fyrir framan er hins vegar \u00e1 kafi og \u00e1\u00e6tlar hann \u00fev\u00ed a\u00f0 d\u00fdri\u00f0 g\u00e6ti veri\u00f0 allt a\u00f0 \u00fev\u00ed t\u00edu metrar a\u00f0 lengt, eftir \u00fev\u00ed hve miki\u00f0 leynist undir yfirbor\u00f0inu. Af \u00feeim s\u00f6kum kve\u00f0st hann heldur ekki \u00feekkja tegundina. \u201eHausinn er \u00e1 kafi \u00feannig a\u00f0 vi\u00f0 \u00feekkjum ekki tegundina \u00ed sj\u00f3n,\u201c segir hann. \u201e\u00c9g r\u00e6ddi vi\u00f0 kunningja minn sem er hvalas\u00e9rfr\u00e6\u00f0ingur og hann gat ekki tegundargreint hvalinn af myndinni. En hann taldi a\u00f0 hvalurinn hef\u00f0i veri\u00f0 dau\u00f0ur \u00ed svol\u00edtinn t\u00edma \u00e1\u00f0ur en hann rak \u00e1 land,\u201c b\u00e6tir Keli vi\u00f0.<\/p><p>\u00ddmislegt hefur reki\u00f0 \u00e1 land \u00e1 L\u00f6ngufj\u00f6rum \u00ed gegnum t\u00ed\u00f0ina; rostungav\u00e9, tennur og bein \u00fdmiss konar. Hvalrekar eru hins vegar sjaldg\u00e6fir en \u00fe\u00f3 \u00feekktir. \u201eS\u00ed\u00f0ustu \u00e1ratugina hefur einn og einn dau\u00f0an hval reki\u00f0 \u00e1 land. En \u00fea\u00f0 eru \u00f6rugglega li\u00f0in 20 \u00e1r e\u00f0a svo s\u00ed\u00f0an \u00feann s\u00ed\u00f0asta rak \u00e1 land. En \u00e9g man eftir fleirum fr\u00e1 \u00fev\u00ed \u00e9g var str\u00e1kur,\u201c segir Keli.<\/p><p>A\u00f0spur\u00f0ur kve\u00f0st hann ekki vita hvort komi til \u00feess a\u00f0 ur\u00f0a \u00feurfi d\u00fdri\u00f0. \u201eEf \u00fea\u00f0 er einhver m\u00f6guleiki a\u00f0 l\u00e1ta rotna af beinunum en bjarga grindinni og hafa hana einhvers sta\u00f0ar til s\u00fdnis \u00fe\u00e1 v\u00e6ri \u00fea\u00f0 mj\u00f6g skemmtilegt, en \u00e9g veit ekki hvort \u00fea\u00f0 er h\u00e6gt. Vi\u00f0 ver\u00f0um bara a\u00f0eins a\u00f0 sj\u00e1 hvernig \u00feetta \u00fer\u00f3ast. \u00deegar eru sunnan\u00e1ttir eins og veri\u00f0 hefur undanfari\u00f0, \u00fe\u00e1 er oft miki\u00f0 brim og mikil l\u00e6ti \u00ed fj\u00f6runni. Miki\u00f0 efni sem mokast fram og til baka. Vi\u00f0 skulum sj\u00e1 hvernig honum rei\u00f0ir af. Ef hann ver\u00f0ur til vandr\u00e6\u00f0a \u00fe\u00e1 fer \u00e9g me\u00f0 gr\u00f6funa og gref hann \u00fearna \u00ed fj\u00f6runni. En ef hann getur rotna\u00f0 \u00fearna \u00ed fri\u00f0i og ver\u00f0ur engum til ama \u00fe\u00e1 leyfum vi\u00f0 honum bara a\u00f0 hverfa af sj\u00e1lfsd\u00e1\u00f0um,\u201c segir Keli. \u201e\u00deetta er eins og me\u00f0 allt anna\u00f0, \u00fea\u00f0 ver\u00f0ur bara a\u00f0 t\u00e6kla vandann \u00feegar hann kemur upp. \u00dea\u00f0 er heppilegt a\u00f0 hann er ekki \u00ed alfaralei\u00f0, f\u00f3lk gengur gjarnan um fj\u00f6rurnar h\u00e9r beint fyrir ne\u00f0an \u00e1 sumrin. Ef f\u00f3lk langar a\u00f0 sko\u00f0a hann \u00fe\u00e1 ver\u00f0ur a\u00f0 keyra ni\u00f0ur a\u00f0 str\u00f6ndinni og ganga um k\u00edl\u00f3meters lei\u00f0. \u00dea\u00f0 er svosem ekki miki\u00f0 a\u00f0 sj\u00e1, en nokkrir hafa fari\u00f0 og teki\u00f0 \u201eselfie\u201c me\u00f0 honum til a\u00f0 geta sagst hafa s\u00e9\u00f0 dau\u00f0an hval,\u201c segir Keli a\u00f0 lokum, l\u00e9ttur \u00ed brag\u00f0i.<\/p>\t\t\t\t\t\t\t\t<\/div>\n\t\t\t\t<\/div>\n\t\t\t\t\t<\/div>\n\t\t<\/div>\n\t\t\t\t\t<\/div>\n\t\t<\/section>\n\t\t\t\t<\/div>\n\t\t","protected":false},"excerpt":{"rendered":"<p>Hvalreki \u00e1 Sn\u00e6fellsnesi Dau\u00f0ur hvalur fannst \u00e1 L\u00f6ngufj\u00f6rum, ekki langt fr\u00e1 Gistih\u00fasinu Langaholti a\u00f0 Ytri-G\u00f6r\u00f0um \u00e1 sunnanver\u00f0u Sn\u00e6fellsnesi, \u00e1 laugardaginn s\u00ed\u00f0asta. \u00deorkell S\u00edmonarson, Keli vert \u00ed Langaholti, telur a\u00f0 hvalinn hafi reki\u00f0 \u00e1 land einhvern t\u00edmann \u00ed s\u00ed\u00f0ustu viku. \u201e\u00dea\u00f0 [&hellip;]<\/p>\n","protected":false},"author":1,"featured_media":2198,"comment_status":"closed","ping_status":"open","sticky":false,"template":"","format":"standard","meta":{"footnotes":""},"categories":[1],"tags":[],"class_list":["post-2197","post","type-post","status-publish","format-standard","has-post-thumbnail","hentry","category-uncategorized"],"yoast_head":"<!-- This site is optimized with the Yoast SEO plugin v27.5 - https:\/\/yoast.com\/product\/yoast-seo-wordpress\/ -->\n<title>Hvalreki \u00e1 Sn\u00e6fellsnesi - Langaholt sveitah\u00f3tel<\/title>\n<meta name=\"robots\" content=\"index, follow, max-snippet:-1, max-image-preview:large, max-video-preview:-1\" \/>\n<link rel=\"canonical\" href=\"https:\/\/langaholt.is\/islenska\/hvalreki-a-snaefellsnesi\/\" \/>\n<meta property=\"og:locale\" content=\"is_IS\" \/>\n<meta property=\"og:type\" content=\"article\" \/>\n<meta property=\"og:title\" content=\"Hvalreki \u00e1 Sn\u00e6fellsnesi - Langaholt sveitah\u00f3tel\" \/>\n<meta property=\"og:description\" content=\"Hvalreki \u00e1 Sn\u00e6fellsnesi Dau\u00f0ur hvalur fannst \u00e1 L\u00f6ngufj\u00f6rum, ekki langt fr\u00e1 Gistih\u00fasinu Langaholti a\u00f0 Ytri-G\u00f6r\u00f0um \u00e1 sunnanver\u00f0u Sn\u00e6fellsnesi, \u00e1 laugardaginn s\u00ed\u00f0asta. \u00deorkell S\u00edmonarson, Keli vert \u00ed Langaholti, telur a\u00f0 hvalinn hafi reki\u00f0 \u00e1 land einhvern t\u00edmann \u00ed s\u00ed\u00f0ustu viku. \u201e\u00dea\u00f0 [&hellip;]\" \/>\n<meta property=\"og:url\" content=\"https:\/\/langaholt.is\/islenska\/hvalreki-a-snaefellsnesi\/\" \/>\n<meta property=\"og:site_name\" content=\"Langaholt sveitah\u00f3tel\" \/>\n<meta property=\"article:publisher\" content=\"https:\/\/www.facebook.com\/langaholt\/\" \/>\n<meta property=\"article:published_time\" content=\"2017-02-18T15:52:44+00:00\" \/>\n<meta property=\"article:modified_time\" content=\"2020-04-24T15:55:35+00:00\" \/>\n<meta property=\"og:image\" content=\"https:\/\/langaholt.is\/islenska\/wp-content\/uploads\/2020\/04\/fr_20170218_056439.jpg\" \/>\n\t<meta property=\"og:image:width\" content=\"1000\" \/>\n\t<meta property=\"og:image:height\" content=\"563\" \/>\n\t<meta property=\"og:image:type\" content=\"image\/jpeg\" \/>\n<meta name=\"author\" content=\"vefstjori\" \/>\n<meta name=\"twitter:card\" content=\"summary_large_image\" \/>\n<meta name=\"twitter:label1\" content=\"Written by\" \/>\n\t<meta name=\"twitter:data1\" content=\"vefstjori\" \/>\n\t<meta name=\"twitter:label2\" content=\"Est. reading time\" \/>\n\t<meta name=\"twitter:data2\" content=\"3 minutes\" \/>\n<script type=\"application\/ld+json\" class=\"yoast-schema-graph\">{\"@context\":\"https:\\\/\\\/schema.org\",\"@graph\":[{\"@type\":\"Article\",\"@id\":\"https:\\\/\\\/langaholt.is\\\/islenska\\\/hvalreki-a-snaefellsnesi\\\/#article\",\"isPartOf\":{\"@id\":\"https:\\\/\\\/langaholt.is\\\/islenska\\\/hvalreki-a-snaefellsnesi\\\/\"},\"author\":{\"name\":\"vefstjori\",\"@id\":\"https:\\\/\\\/langaholt.is\\\/islenska\\\/#\\\/schema\\\/person\\\/ef9d2805fe68343f8150ec027ca9f880\"},\"headline\":\"Hvalreki \u00e1 Sn\u00e6fellsnesi\",\"datePublished\":\"2017-02-18T15:52:44+00:00\",\"dateModified\":\"2020-04-24T15:55:35+00:00\",\"mainEntityOfPage\":{\"@id\":\"https:\\\/\\\/langaholt.is\\\/islenska\\\/hvalreki-a-snaefellsnesi\\\/\"},\"wordCount\":578,\"publisher\":{\"@id\":\"https:\\\/\\\/langaholt.is\\\/islenska\\\/#organization\"},\"image\":{\"@id\":\"https:\\\/\\\/langaholt.is\\\/islenska\\\/hvalreki-a-snaefellsnesi\\\/#primaryimage\"},\"thumbnailUrl\":\"https:\\\/\\\/langaholt.is\\\/islenska\\\/wp-content\\\/uploads\\\/2020\\\/04\\\/fr_20170218_056439.jpg\",\"articleSection\":[\"Uncategorized\"],\"inLanguage\":\"is\"},{\"@type\":\"WebPage\",\"@id\":\"https:\\\/\\\/langaholt.is\\\/islenska\\\/hvalreki-a-snaefellsnesi\\\/\",\"url\":\"https:\\\/\\\/langaholt.is\\\/islenska\\\/hvalreki-a-snaefellsnesi\\\/\",\"name\":\"Hvalreki \u00e1 Sn\u00e6fellsnesi - Langaholt sveitah\u00f3tel\",\"isPartOf\":{\"@id\":\"https:\\\/\\\/langaholt.is\\\/islenska\\\/#website\"},\"primaryImageOfPage\":{\"@id\":\"https:\\\/\\\/langaholt.is\\\/islenska\\\/hvalreki-a-snaefellsnesi\\\/#primaryimage\"},\"image\":{\"@id\":\"https:\\\/\\\/langaholt.is\\\/islenska\\\/hvalreki-a-snaefellsnesi\\\/#primaryimage\"},\"thumbnailUrl\":\"https:\\\/\\\/langaholt.is\\\/islenska\\\/wp-content\\\/uploads\\\/2020\\\/04\\\/fr_20170218_056439.jpg\",\"datePublished\":\"2017-02-18T15:52:44+00:00\",\"dateModified\":\"2020-04-24T15:55:35+00:00\",\"breadcrumb\":{\"@id\":\"https:\\\/\\\/langaholt.is\\\/islenska\\\/hvalreki-a-snaefellsnesi\\\/#breadcrumb\"},\"inLanguage\":\"is\",\"potentialAction\":[{\"@type\":\"ReadAction\",\"target\":[\"https:\\\/\\\/langaholt.is\\\/islenska\\\/hvalreki-a-snaefellsnesi\\\/\"]}]},{\"@type\":\"ImageObject\",\"inLanguage\":\"is\",\"@id\":\"https:\\\/\\\/langaholt.is\\\/islenska\\\/hvalreki-a-snaefellsnesi\\\/#primaryimage\",\"url\":\"https:\\\/\\\/langaholt.is\\\/islenska\\\/wp-content\\\/uploads\\\/2020\\\/04\\\/fr_20170218_056439.jpg\",\"contentUrl\":\"https:\\\/\\\/langaholt.is\\\/islenska\\\/wp-content\\\/uploads\\\/2020\\\/04\\\/fr_20170218_056439.jpg\",\"width\":1000,\"height\":563},{\"@type\":\"BreadcrumbList\",\"@id\":\"https:\\\/\\\/langaholt.is\\\/islenska\\\/hvalreki-a-snaefellsnesi\\\/#breadcrumb\",\"itemListElement\":[{\"@type\":\"ListItem\",\"position\":1,\"name\":\"Home\",\"item\":\"https:\\\/\\\/langaholt.is\\\/islenska\\\/\"},{\"@type\":\"ListItem\",\"position\":2,\"name\":\"Hvalreki \u00e1 Sn\u00e6fellsnesi\"}]},{\"@type\":\"WebSite\",\"@id\":\"https:\\\/\\\/langaholt.is\\\/islenska\\\/#website\",\"url\":\"https:\\\/\\\/langaholt.is\\\/islenska\\\/\",\"name\":\"Langaholt Sveitah\u00f3tel\",\"description\":\"Ekta \u00edslensk sveitah\u00f3tel \u00e1 Sn\u00e6fellsnesinu\",\"publisher\":{\"@id\":\"https:\\\/\\\/langaholt.is\\\/islenska\\\/#organization\"},\"potentialAction\":[{\"@type\":\"SearchAction\",\"target\":{\"@type\":\"EntryPoint\",\"urlTemplate\":\"https:\\\/\\\/langaholt.is\\\/islenska\\\/?s={search_term_string}\"},\"query-input\":{\"@type\":\"PropertyValueSpecification\",\"valueRequired\":true,\"valueName\":\"search_term_string\"}}],\"inLanguage\":\"is\"},{\"@type\":\"Organization\",\"@id\":\"https:\\\/\\\/langaholt.is\\\/islenska\\\/#organization\",\"name\":\"Langaholt\",\"url\":\"https:\\\/\\\/langaholt.is\\\/islenska\\\/\",\"logo\":{\"@type\":\"ImageObject\",\"inLanguage\":\"is\",\"@id\":\"https:\\\/\\\/langaholt.is\\\/islenska\\\/#\\\/schema\\\/logo\\\/image\\\/\",\"url\":\"https:\\\/\\\/langaholt.is\\\/islenska\\\/wp-content\\\/uploads\\\/2020\\\/02\\\/Langaholt-logo-vefur.jpg\",\"contentUrl\":\"https:\\\/\\\/langaholt.is\\\/islenska\\\/wp-content\\\/uploads\\\/2020\\\/02\\\/Langaholt-logo-vefur.jpg\",\"width\":261,\"height\":85,\"caption\":\"Langaholt\"},\"image\":{\"@id\":\"https:\\\/\\\/langaholt.is\\\/islenska\\\/#\\\/schema\\\/logo\\\/image\\\/\"},\"sameAs\":[\"https:\\\/\\\/www.facebook.com\\\/langaholt\\\/\",\"https:\\\/\\\/www.instagram.com\\\/langaholt\\\/\"]},{\"@type\":\"Person\",\"@id\":\"https:\\\/\\\/langaholt.is\\\/islenska\\\/#\\\/schema\\\/person\\\/ef9d2805fe68343f8150ec027ca9f880\",\"name\":\"vefstjori\",\"image\":{\"@type\":\"ImageObject\",\"inLanguage\":\"is\",\"@id\":\"https:\\\/\\\/secure.gravatar.com\\\/avatar\\\/16d1d05549f8572442122902fcf2103164a064ed7f22b965bf6db151563e298c?s=96&d=mm&r=g\",\"url\":\"https:\\\/\\\/secure.gravatar.com\\\/avatar\\\/16d1d05549f8572442122902fcf2103164a064ed7f22b965bf6db151563e298c?s=96&d=mm&r=g\",\"contentUrl\":\"https:\\\/\\\/secure.gravatar.com\\\/avatar\\\/16d1d05549f8572442122902fcf2103164a064ed7f22b965bf6db151563e298c?s=96&d=mm&r=g\",\"caption\":\"vefstjori\"}}]}<\/script>\n<!-- \/ Yoast SEO plugin. -->","yoast_head_json":{"title":"Hvalreki \u00e1 Sn\u00e6fellsnesi - Langaholt sveitah\u00f3tel","robots":{"index":"index","follow":"follow","max-snippet":"max-snippet:-1","max-image-preview":"max-image-preview:large","max-video-preview":"max-video-preview:-1"},"canonical":"https:\/\/langaholt.is\/islenska\/hvalreki-a-snaefellsnesi\/","og_locale":"is_IS","og_type":"article","og_title":"Hvalreki \u00e1 Sn\u00e6fellsnesi - Langaholt sveitah\u00f3tel","og_description":"Hvalreki \u00e1 Sn\u00e6fellsnesi Dau\u00f0ur hvalur fannst \u00e1 L\u00f6ngufj\u00f6rum, ekki langt fr\u00e1 Gistih\u00fasinu Langaholti a\u00f0 Ytri-G\u00f6r\u00f0um \u00e1 sunnanver\u00f0u Sn\u00e6fellsnesi, \u00e1 laugardaginn s\u00ed\u00f0asta. \u00deorkell S\u00edmonarson, Keli vert \u00ed Langaholti, telur a\u00f0 hvalinn hafi reki\u00f0 \u00e1 land einhvern t\u00edmann \u00ed s\u00ed\u00f0ustu viku. \u201e\u00dea\u00f0 [&hellip;]","og_url":"https:\/\/langaholt.is\/islenska\/hvalreki-a-snaefellsnesi\/","og_site_name":"Langaholt sveitah\u00f3tel","article_publisher":"https:\/\/www.facebook.com\/langaholt\/","article_published_time":"2017-02-18T15:52:44+00:00","article_modified_time":"2020-04-24T15:55:35+00:00","og_image":[{"width":1000,"height":563,"url":"https:\/\/langaholt.is\/islenska\/wp-content\/uploads\/2020\/04\/fr_20170218_056439.jpg","type":"image\/jpeg"}],"author":"vefstjori","twitter_card":"summary_large_image","twitter_misc":{"Written by":"vefstjori","Est. reading time":"3 minutes"},"schema":{"@context":"https:\/\/schema.org","@graph":[{"@type":"Article","@id":"https:\/\/langaholt.is\/islenska\/hvalreki-a-snaefellsnesi\/#article","isPartOf":{"@id":"https:\/\/langaholt.is\/islenska\/hvalreki-a-snaefellsnesi\/"},"author":{"name":"vefstjori","@id":"https:\/\/langaholt.is\/islenska\/#\/schema\/person\/ef9d2805fe68343f8150ec027ca9f880"},"headline":"Hvalreki \u00e1 Sn\u00e6fellsnesi","datePublished":"2017-02-18T15:52:44+00:00","dateModified":"2020-04-24T15:55:35+00:00","mainEntityOfPage":{"@id":"https:\/\/langaholt.is\/islenska\/hvalreki-a-snaefellsnesi\/"},"wordCount":578,"publisher":{"@id":"https:\/\/langaholt.is\/islenska\/#organization"},"image":{"@id":"https:\/\/langaholt.is\/islenska\/hvalreki-a-snaefellsnesi\/#primaryimage"},"thumbnailUrl":"https:\/\/langaholt.is\/islenska\/wp-content\/uploads\/2020\/04\/fr_20170218_056439.jpg","articleSection":["Uncategorized"],"inLanguage":"is"},{"@type":"WebPage","@id":"https:\/\/langaholt.is\/islenska\/hvalreki-a-snaefellsnesi\/","url":"https:\/\/langaholt.is\/islenska\/hvalreki-a-snaefellsnesi\/","name":"Hvalreki \u00e1 Sn\u00e6fellsnesi - Langaholt sveitah\u00f3tel","isPartOf":{"@id":"https:\/\/langaholt.is\/islenska\/#website"},"primaryImageOfPage":{"@id":"https:\/\/langaholt.is\/islenska\/hvalreki-a-snaefellsnesi\/#primaryimage"},"image":{"@id":"https:\/\/langaholt.is\/islenska\/hvalreki-a-snaefellsnesi\/#primaryimage"},"thumbnailUrl":"https:\/\/langaholt.is\/islenska\/wp-content\/uploads\/2020\/04\/fr_20170218_056439.jpg","datePublished":"2017-02-18T15:52:44+00:00","dateModified":"2020-04-24T15:55:35+00:00","breadcrumb":{"@id":"https:\/\/langaholt.is\/islenska\/hvalreki-a-snaefellsnesi\/#breadcrumb"},"inLanguage":"is","potentialAction":[{"@type":"ReadAction","target":["https:\/\/langaholt.is\/islenska\/hvalreki-a-snaefellsnesi\/"]}]},{"@type":"ImageObject","inLanguage":"is","@id":"https:\/\/langaholt.is\/islenska\/hvalreki-a-snaefellsnesi\/#primaryimage","url":"https:\/\/langaholt.is\/islenska\/wp-content\/uploads\/2020\/04\/fr_20170218_056439.jpg","contentUrl":"https:\/\/langaholt.is\/islenska\/wp-content\/uploads\/2020\/04\/fr_20170218_056439.jpg","width":1000,"height":563},{"@type":"BreadcrumbList","@id":"https:\/\/langaholt.is\/islenska\/hvalreki-a-snaefellsnesi\/#breadcrumb","itemListElement":[{"@type":"ListItem","position":1,"name":"Home","item":"https:\/\/langaholt.is\/islenska\/"},{"@type":"ListItem","position":2,"name":"Hvalreki \u00e1 Sn\u00e6fellsnesi"}]},{"@type":"WebSite","@id":"https:\/\/langaholt.is\/islenska\/#website","url":"https:\/\/langaholt.is\/islenska\/","name":"Langaholt Sveitah\u00f3tel","description":"Ekta \u00edslensk sveitah\u00f3tel \u00e1 Sn\u00e6fellsnesinu","publisher":{"@id":"https:\/\/langaholt.is\/islenska\/#organization"},"potentialAction":[{"@type":"SearchAction","target":{"@type":"EntryPoint","urlTemplate":"https:\/\/langaholt.is\/islenska\/?s={search_term_string}"},"query-input":{"@type":"PropertyValueSpecification","valueRequired":true,"valueName":"search_term_string"}}],"inLanguage":"is"},{"@type":"Organization","@id":"https:\/\/langaholt.is\/islenska\/#organization","name":"Langaholt","url":"https:\/\/langaholt.is\/islenska\/","logo":{"@type":"ImageObject","inLanguage":"is","@id":"https:\/\/langaholt.is\/islenska\/#\/schema\/logo\/image\/","url":"https:\/\/langaholt.is\/islenska\/wp-content\/uploads\/2020\/02\/Langaholt-logo-vefur.jpg","contentUrl":"https:\/\/langaholt.is\/islenska\/wp-content\/uploads\/2020\/02\/Langaholt-logo-vefur.jpg","width":261,"height":85,"caption":"Langaholt"},"image":{"@id":"https:\/\/langaholt.is\/islenska\/#\/schema\/logo\/image\/"},"sameAs":["https:\/\/www.facebook.com\/langaholt\/","https:\/\/www.instagram.com\/langaholt\/"]},{"@type":"Person","@id":"https:\/\/langaholt.is\/islenska\/#\/schema\/person\/ef9d2805fe68343f8150ec027ca9f880","name":"vefstjori","image":{"@type":"ImageObject","inLanguage":"is","@id":"https:\/\/secure.gravatar.com\/avatar\/16d1d05549f8572442122902fcf2103164a064ed7f22b965bf6db151563e298c?s=96&d=mm&r=g","url":"https:\/\/secure.gravatar.com\/avatar\/16d1d05549f8572442122902fcf2103164a064ed7f22b965bf6db151563e298c?s=96&d=mm&r=g","contentUrl":"https:\/\/secure.gravatar.com\/avatar\/16d1d05549f8572442122902fcf2103164a064ed7f22b965bf6db151563e298c?s=96&d=mm&r=g","caption":"vefstjori"}}]}},"_links":{"self":[{"href":"https:\/\/langaholt.is\/islenska\/wp-json\/wp\/v2\/posts\/2197","targetHints":{"allow":["GET"]}}],"collection":[{"href":"https:\/\/langaholt.is\/islenska\/wp-json\/wp\/v2\/posts"}],"about":[{"href":"https:\/\/langaholt.is\/islenska\/wp-json\/wp\/v2\/types\/post"}],"author":[{"embeddable":true,"href":"https:\/\/langaholt.is\/islenska\/wp-json\/wp\/v2\/users\/1"}],"replies":[{"embeddable":true,"href":"https:\/\/langaholt.is\/islenska\/wp-json\/wp\/v2\/comments?post=2197"}],"version-history":[{"count":2,"href":"https:\/\/langaholt.is\/islenska\/wp-json\/wp\/v2\/posts\/2197\/revisions"}],"predecessor-version":[{"id":2200,"href":"https:\/\/langaholt.is\/islenska\/wp-json\/wp\/v2\/posts\/2197\/revisions\/2200"}],"wp:featuredmedia":[{"embeddable":true,"href":"https:\/\/langaholt.is\/islenska\/wp-json\/wp\/v2\/media\/2198"}],"wp:attachment":[{"href":"https:\/\/langaholt.is\/islenska\/wp-json\/wp\/v2\/media?parent=2197"}],"wp:term":[{"taxonomy":"category","embeddable":true,"href":"https:\/\/langaholt.is\/islenska\/wp-json\/wp\/v2\/categories?post=2197"},{"taxonomy":"post_tag","embeddable":true,"href":"https:\/\/langaholt.is\/islenska\/wp-json\/wp\/v2\/tags?post=2197"}],"curies":[{"name":"wp","href":"https:\/\/api.w.org\/{rel}","templated":true}]}}